{"id":2934,"date":"2019-04-08T16:15:56","date_gmt":"2019-04-08T19:15:56","guid":{"rendered":"http:\/\/dgospel.com.br\/portal\/?p=2934"},"modified":"2019-04-08T16:15:56","modified_gmt":"2019-04-08T19:15:56","slug":"previdencia-relator-defende-reforma-do-governo-bolsonaro","status":"publish","type":"post","link":"https:\/\/dgospel.com.br\/portal\/index.php\/2019\/04\/08\/previdencia-relator-defende-reforma-do-governo-bolsonaro\/","title":{"rendered":"Previd\u00eancia: Relator defende reforma do governo Bolsonaro"},"content":{"rendered":"<p>Nesta segunda-feira (8), o relator da reforma da Previd\u00eancia na Comiss\u00e3o de Constitui\u00e7\u00e3o e Justi\u00e7a (CCJ) da C\u00e2mara dos Deputados, delegado Marcelo Freitas (PSL-MG), utilizou suas redes sociais para falar da proposta enviada pelo governo de Jair Bolsonaro. A previs\u00e3o \u00e9 de que ele apresente seu relat\u00f3rio nesta ter\u00e7a-feira (9).<\/p>\n<p>Em nota, o parlamentar diz que \u00e9 \u201cdif\u00edcil fazer o que deve ser feito! \u00c9 preciso dizer o que deve ser dito! A reforma da previd\u00eancia, sem excluir outras, \u00e9 uma necessidade\u201d. Ele considera que o \u201cCongresso Nacional \u00e9 soberano e saber\u00e1 encontrar a melhor solu\u00e7\u00e3o que o Brasil verdadeiramente exige! Estamos apenas fazendo a nossa parte e n\u00e3o hesitaremos em cumprir com o nosso dever \u00e0 na\u00e7\u00e3o\u201d.<\/p>\n<p class=\"leiamais\">+\u00a0<a class=\"leia_mais_links event-click\" href=\"https:\/\/pleno.news\/brasil\/politica-nacional\/dono-do-catraca-livre-detesto-bolsonaro-mas-apoio-reforma.html\" data-category=\"Leia Mais\" data-action=\"click\" data-label=\"https:\/\/pleno.news\/brasil\/politica-nacional\/dono-do-catraca-livre-detesto-bolsonaro-mas-apoio-reforma.html\">Dono do Catraca Livre: Detesto Bolsonaro, mas apoio reforma<\/a><br \/>\n+\u00a0<a class=\"leia_mais_links event-click\" href=\"https:\/\/pleno.news\/brasil\/politica-nacional\/alcolumbre-diz-que-aprovou-reuniao-de-bolsonaro-e-lideres.html\" data-category=\"Leia Mais\" data-action=\"click\" data-label=\"https:\/\/pleno.news\/brasil\/politica-nacional\/alcolumbre-diz-que-aprovou-reuniao-de-bolsonaro-e-lideres.html\">Alcolumbre diz que aprovou reuni\u00e3o de Bolsonaro e l\u00edderes<\/a><\/p>\n<p>Considerada uma prioridade do governo, a reforma da Previd\u00eancia foi entregue pessoalmente por Bolsonaro ao Congresso. Entre os pontos da Proposta de Emenda \u00e0 Constitui\u00e7\u00e3o (PEC) est\u00e1 o fim do sistema especial para pol\u00edticos, mudan\u00e7as na idade m\u00ednima e no tempo de contribui\u00e7\u00e3o para se aposentar e outras.<\/p>\n<p>Delegado Marcelo Freitas diz que, \u201cse compararmos os gastos previdenci\u00e1rios com as contribui\u00e7\u00f5es que s\u00e3o exclusivamente destinadas a suport\u00e1-los, fica evidente o peso que a Previd\u00eancia Social exerce sobre as receitas da Uni\u00e3o. No \u00e2mbito do Regime Geral de Previd\u00eancia Social (RGPS), o d\u00e9ficit foi de mais de R$ 190 bilh\u00f5es, no Regime Pr\u00f3prio de Previd\u00eancia Social (RPPS) dos servidores civis, alcan\u00e7ou mais de R$ 46 bilh\u00f5es e o relacionado \u00e0 inatividade dos militares e suas pens\u00f5es foi de mais de R$ 43 bilh\u00f5es\u201d.<\/p>\n<p>Para o deputado, \u201co combate \u00e0 fraude e \u00e0 corrup\u00e7\u00e3o deve ser fortalecido! Foi justamente para isso que se criou a Medida Provis\u00f3ria 871, de 18 de janeiro de 2019 (MP destinada ao combate \u00e0s fraudes na Previd\u00eancia), al\u00e9m do Projeto Anticrime, do Ministro S\u00e9rgio Moro, em andamento no Congresso Nacional. Essas medidas andam juntas com a Reforma! Falo isso como uma das pessoas que mais coordenou a\u00e7\u00f5es de combate \u00e0 corrup\u00e7\u00e3o na hist\u00f3ria da Pol\u00edcia Federal\u201d.<\/p>\n<div class=\"ad-recommended\"><\/div>\n<div class=\"messenger-text\"><\/div>\n","protected":false},"excerpt":{"rendered":"<p>Nesta segunda-feira (8), o relator da reforma da Previd\u00eancia na Comiss\u00e3o de Constitui\u00e7\u00e3o e Justi\u00e7a (CCJ) da C\u00e2mara dos Deputados, delegado Marcelo Freitas (PSL-MG), utilizou suas redes sociais para falar da proposta enviada pelo governo de Jair Bolsonaro. A previs\u00e3o \u00e9 de que ele apresente seu relat\u00f3rio nesta ter\u00e7a-feira (9). Em nota, o parlamentar diz [&hellip;]<\/p>\n","protected":false},"author":2,"featured_media":2935,"comment_status":"open","ping_status":"open","sticky":false,"template":"","format":"standard","meta":[],"categories":[2,6,4],"tags":[],"_links":{"self":[{"href":"https:\/\/dgospel.com.br\/portal\/index.php\/wp-json\/wp\/v2\/posts\/2934"}],"collection":[{"href":"https:\/\/dgospel.com.br\/portal\/index.php\/wp-json\/wp\/v2\/posts"}],"about":[{"href":"https:\/\/dgospel.com.br\/portal\/index.php\/wp-json\/wp\/v2\/types\/post"}],"author":[{"embeddable":true,"href":"https:\/\/dgospel.com.br\/portal\/index.php\/wp-json\/wp\/v2\/users\/2"}],"replies":[{"embeddable":true,"href":"https:\/\/dgospel.com.br\/portal\/index.php\/wp-json\/wp\/v2\/comments?post=2934"}],"version-history":[{"count":1,"href":"https:\/\/dgospel.com.br\/portal\/index.php\/wp-json\/wp\/v2\/posts\/2934\/revisions"}],"predecessor-version":[{"id":2936,"href":"https:\/\/dgospel.com.br\/portal\/index.php\/wp-json\/wp\/v2\/posts\/2934\/revisions\/2936"}],"wp:featuredmedia":[{"embeddable":true,"href":"https:\/\/dgospel.com.br\/portal\/index.php\/wp-json\/wp\/v2\/media\/2935"}],"wp:attachment":[{"href":"https:\/\/dgospel.com.br\/portal\/index.php\/wp-json\/wp\/v2\/media?parent=2934"}],"wp:term":[{"taxonomy":"category","embeddable":true,"href":"https:\/\/dgospel.com.br\/portal\/index.php\/wp-json\/wp\/v2\/categories?post=2934"},{"taxonomy":"post_tag","embeddable":true,"href":"https:\/\/dgospel.com.br\/portal\/index.php\/wp-json\/wp\/v2\/tags?post=2934"}],"curies":[{"name":"wp","href":"https:\/\/api.w.org\/{rel}","templated":true}]}}