{"id":2937,"date":"2019-04-08T16:33:43","date_gmt":"2019-04-08T19:33:43","guid":{"rendered":"http:\/\/dgospel.com.br\/portal\/?p=2937"},"modified":"2019-04-08T16:33:43","modified_gmt":"2019-04-08T19:33:43","slug":"jair-bolsonaro-demite-velez-ministro-da-educacao","status":"publish","type":"post","link":"https:\/\/dgospel.com.br\/portal\/index.php\/2019\/04\/08\/jair-bolsonaro-demite-velez-ministro-da-educacao\/","title":{"rendered":"Jair Bolsonaro demite V\u00e9lez, ministro da Educa\u00e7\u00e3o"},"content":{"rendered":"<p style=\"background: white; margin: 0cm 0cm 21.0pt 0cm;\"><span style=\"font-size: 15.0pt; font-family: 'Arial','sans-serif'; color: #1d1d1d;\">O presidente Jair Bolsonaro anunciou a demiss\u00e3o do ministro da Educa\u00e7\u00e3o, Ricardo V\u00e9lez Rodr\u00edguez, nesta segunda-feira (8). Bolsonaro tamb\u00e9m informou que o novo ministro da pasta ser\u00e1 Abraham Weintraub.<\/span><\/p>\n<p style=\"background: white; backface-visibility: hidden; box-sizing: border-box; font-variant-ligatures: normal; font-variant-caps: normal; orphans: 2; text-align: start; widows: 2; -webkit-text-stroke-width: 0px; text-decoration-style: initial; text-decoration-color: initial; word-spacing: 0px; margin: 0cm 0cm 21.0pt 0cm;\"><span style=\"font-size: 15.0pt; font-family: 'Arial','sans-serif'; color: #1d1d1d;\">\u2013 Comunico a todos a indica\u00e7\u00e3o do professor Abraham Weintraub ao cargo de Ministro da Educa\u00e7\u00e3o. Abraham \u00e9 doutor, professor universit\u00e1rio e possui ampla experi\u00eancia em gest\u00e3o e o conhecimento necess\u00e1rio para a pasta. Aproveito para agradecer ao prof. V\u00e9lez pelos servi\u00e7os prestados \u2013 escreveu o presidente nas redes sociais.<\/span><\/p>\n<p style=\"background: white; backface-visibility: hidden; box-sizing: border-box; font-variant-ligatures: normal; font-variant-caps: normal; orphans: 2; text-align: start; widows: 2; -webkit-text-stroke-width: 0px; text-decoration-style: initial; text-decoration-color: initial; word-spacing: 0px; margin: 0cm 0cm 21.0pt 0cm;\"><span style=\"font-size: 15.0pt; font-family: 'Arial','sans-serif'; color: #1d1d1d;\">Na \u00faltima sexta, o mandat\u00e1rio j\u00e1 havia sinalizado que a gest\u00e3o de V\u00e9lez n\u00e3o estava agradando o governo. Frente ao coment\u00e1rio, o agora ex-ministro tinha dito que n\u00e3o iria \u201centregar o cargo\u201d.<\/span><\/p>\n<p style=\"background: white; backface-visibility: hidden; box-sizing: border-box; font-variant-ligatures: normal; font-variant-caps: normal; orphans: 2; text-align: start; widows: 2; -webkit-text-stroke-width: 0px; text-decoration-style: initial; text-decoration-color: initial; word-spacing: 0px; margin: 0cm 0cm 21.0pt 0cm;\"><span style=\"font-size: 15.0pt; font-family: 'Arial','sans-serif'; color: #1d1d1d;\">Weintraub, j\u00e1 atua no governo Bolsonaro. Ele era secret\u00e1rio-executivo da Casa Civil.<\/span><\/p>\n","protected":false},"excerpt":{"rendered":"<p>O presidente Jair Bolsonaro anunciou a demiss\u00e3o do ministro da Educa\u00e7\u00e3o, Ricardo V\u00e9lez Rodr\u00edguez, nesta segunda-feira (8). Bolsonaro tamb\u00e9m informou que o novo ministro da pasta ser\u00e1 Abraham Weintraub. \u2013 Comunico a todos a indica\u00e7\u00e3o do professor Abraham Weintraub ao cargo de Ministro da Educa\u00e7\u00e3o. Abraham \u00e9 doutor, professor universit\u00e1rio e possui ampla experi\u00eancia em [&hellip;]<\/p>\n","protected":false},"author":2,"featured_media":2938,"comment_status":"open","ping_status":"open","sticky":false,"template":"","format":"standard","meta":[],"categories":[2,6,4],"tags":[],"_links":{"self":[{"href":"https:\/\/dgospel.com.br\/portal\/index.php\/wp-json\/wp\/v2\/posts\/2937"}],"collection":[{"href":"https:\/\/dgospel.com.br\/portal\/index.php\/wp-json\/wp\/v2\/posts"}],"about":[{"href":"https:\/\/dgospel.com.br\/portal\/index.php\/wp-json\/wp\/v2\/types\/post"}],"author":[{"embeddable":true,"href":"https:\/\/dgospel.com.br\/portal\/index.php\/wp-json\/wp\/v2\/users\/2"}],"replies":[{"embeddable":true,"href":"https:\/\/dgospel.com.br\/portal\/index.php\/wp-json\/wp\/v2\/comments?post=2937"}],"version-history":[{"count":1,"href":"https:\/\/dgospel.com.br\/portal\/index.php\/wp-json\/wp\/v2\/posts\/2937\/revisions"}],"predecessor-version":[{"id":2939,"href":"https:\/\/dgospel.com.br\/portal\/index.php\/wp-json\/wp\/v2\/posts\/2937\/revisions\/2939"}],"wp:featuredmedia":[{"embeddable":true,"href":"https:\/\/dgospel.com.br\/portal\/index.php\/wp-json\/wp\/v2\/media\/2938"}],"wp:attachment":[{"href":"https:\/\/dgospel.com.br\/portal\/index.php\/wp-json\/wp\/v2\/media?parent=2937"}],"wp:term":[{"taxonomy":"category","embeddable":true,"href":"https:\/\/dgospel.com.br\/portal\/index.php\/wp-json\/wp\/v2\/categories?post=2937"},{"taxonomy":"post_tag","embeddable":true,"href":"https:\/\/dgospel.com.br\/portal\/index.php\/wp-json\/wp\/v2\/tags?post=2937"}],"curies":[{"name":"wp","href":"https:\/\/api.w.org\/{rel}","templated":true}]}}