{"id":2940,"date":"2019-04-09T09:12:38","date_gmt":"2019-04-09T12:12:38","guid":{"rendered":"http:\/\/dgospel.com.br\/portal\/?p=2940"},"modified":"2019-04-09T09:12:38","modified_gmt":"2019-04-09T12:12:38","slug":"wanderlei-barbosa-participa-do-lancamento-da-agrotins-2019-e-destaca-importancia-para-a-economia-do-estado","status":"publish","type":"post","link":"https:\/\/dgospel.com.br\/portal\/index.php\/2019\/04\/09\/wanderlei-barbosa-participa-do-lancamento-da-agrotins-2019-e-destaca-importancia-para-a-economia-do-estado\/","title":{"rendered":"Wanderlei Barbosa participa do lan\u00e7amento da Agrotins 2019 e destaca import\u00e2ncia para a economia do Estado"},"content":{"rendered":"<p style=\"font-weight: 400;\">O vice-governador do Tocantins, Wanderlei Barbosa, participou do lan\u00e7amento oficial da Feira de Tecnologia Agropecu\u00e1ria do Tocantins, a Agrotins 2019, considerada a maior feira do segmento do Pa\u00eds. A cerim\u00f4nia aconteceu no audit\u00f3rio do Pal\u00e1cio Araguaia, na tarde desta segunda-feira, 8.<\/p>\n<p style=\"font-weight: 400;\">O governador do Estado, Mauro Carlesse, fez o lan\u00e7amento oficial da feira. A solenidade contou ainda com autoridades federais, estaduais e municipais.<\/p>\n<p style=\"font-weight: 400;\">Wanderlei Barbosa destacou a import\u00e2ncia da Agrotins para o setor produtivo e a import\u00e2ncia das parcerias. \u201cA agricultura e a pecu\u00e1ria s\u00e3o fundamentais para a economia do Tocantins, e para melhorar as condi\u00e7\u00f5es de escoamento o governador vai realizar uma for\u00e7a tarefa para recupera\u00e7\u00e3o de todas as rodovias do Estado o que tornar\u00e1 o setor muito mais competitivo\u201d, disse.<\/p>\n<p style=\"font-weight: 400;\">A Feira de Tecnologia Agropecu\u00e1ria do Tocantins, que \u00e9 considerada um dos maiores eventos do g\u00eanero no Pa\u00eds, chega para sua 19\u00aa edi\u00e7\u00e3o e acontece de 07 a 11 de maio, trazendo tend\u00eancias tecnol\u00f3gicas para o campo. Neste ano, o tema da Agrotins \u00e9 \u201cAgroneg\u00f3cio de Atitude Sustent\u00e1vel&#8221;.<\/p>\n<p style=\"font-weight: 400;\">A Agrotins \u00e9 realizada anualmente pelo Governo do Estado, com o objetivo de difundir e agregar ao setor produtivo tocantinense conhecimentos tecnol\u00f3gicos gerados pela pesquisa agropecu\u00e1ria e industrial.<\/p>\n<p style=\"font-weight: 400;\">Durante os cinco dias de feira s\u00e3o realizadas palestras, f\u00f3runs, semin\u00e1rios e tamb\u00e9m constitui uma vitrine para exposi\u00e7\u00e3o e comercializa\u00e7\u00e3o de produtos e servi\u00e7os nos diversos segmentos da agropecu\u00e1ria, visando o desenvolvimento sustent\u00e1vel do agroneg\u00f3cio estadual, al\u00e9m de demonstra\u00e7\u00f5es de funcionamento de m\u00e1quinas agr\u00edcolas e melhores formas de plantio.<\/p>\n","protected":false},"excerpt":{"rendered":"<p>O vice-governador do Tocantins, Wanderlei Barbosa, participou do lan\u00e7amento oficial da Feira de Tecnologia Agropecu\u00e1ria do Tocantins, a Agrotins 2019, considerada a maior feira do segmento do Pa\u00eds. A cerim\u00f4nia aconteceu no audit\u00f3rio do Pal\u00e1cio Araguaia, na tarde desta segunda-feira, 8. O governador do Estado, Mauro Carlesse, fez o lan\u00e7amento oficial da feira. A solenidade [&hellip;]<\/p>\n","protected":false},"author":2,"featured_media":2941,"comment_status":"open","ping_status":"open","sticky":false,"template":"","format":"standard","meta":[],"categories":[2,4],"tags":[],"_links":{"self":[{"href":"https:\/\/dgospel.com.br\/portal\/index.php\/wp-json\/wp\/v2\/posts\/2940"}],"collection":[{"href":"https:\/\/dgospel.com.br\/portal\/index.php\/wp-json\/wp\/v2\/posts"}],"about":[{"href":"https:\/\/dgospel.com.br\/portal\/index.php\/wp-json\/wp\/v2\/types\/post"}],"author":[{"embeddable":true,"href":"https:\/\/dgospel.com.br\/portal\/index.php\/wp-json\/wp\/v2\/users\/2"}],"replies":[{"embeddable":true,"href":"https:\/\/dgospel.com.br\/portal\/index.php\/wp-json\/wp\/v2\/comments?post=2940"}],"version-history":[{"count":1,"href":"https:\/\/dgospel.com.br\/portal\/index.php\/wp-json\/wp\/v2\/posts\/2940\/revisions"}],"predecessor-version":[{"id":2942,"href":"https:\/\/dgospel.com.br\/portal\/index.php\/wp-json\/wp\/v2\/posts\/2940\/revisions\/2942"}],"wp:featuredmedia":[{"embeddable":true,"href":"https:\/\/dgospel.com.br\/portal\/index.php\/wp-json\/wp\/v2\/media\/2941"}],"wp:attachment":[{"href":"https:\/\/dgospel.com.br\/portal\/index.php\/wp-json\/wp\/v2\/media?parent=2940"}],"wp:term":[{"taxonomy":"category","embeddable":true,"href":"https:\/\/dgospel.com.br\/portal\/index.php\/wp-json\/wp\/v2\/categories?post=2940"},{"taxonomy":"post_tag","embeddable":true,"href":"https:\/\/dgospel.com.br\/portal\/index.php\/wp-json\/wp\/v2\/tags?post=2940"}],"curies":[{"name":"wp","href":"https:\/\/api.w.org\/{rel}","templated":true}]}}