{"id":2943,"date":"2019-04-09T09:38:34","date_gmt":"2019-04-09T12:38:34","guid":{"rendered":"http:\/\/dgospel.com.br\/portal\/?p=2943"},"modified":"2019-04-09T09:38:34","modified_gmt":"2019-04-09T12:38:34","slug":"governador-carlesse-lanca-agrotins-2019-e-destaca-potencialidade-do-estado-para-o-agronegocio","status":"publish","type":"post","link":"https:\/\/dgospel.com.br\/portal\/index.php\/2019\/04\/09\/governador-carlesse-lanca-agrotins-2019-e-destaca-potencialidade-do-estado-para-o-agronegocio\/","title":{"rendered":"Governador Carlesse lan\u00e7a Agrotins 2019 e destaca potencialidade do Estado para o agroneg\u00f3cio"},"content":{"rendered":"<p>Com o tema Agroneg\u00f3cio de Atitude Sustent\u00e1vel, o governador do Estado do Tocantins, Mauro Carlesse, lan\u00e7ou na tarde desta segunda-feira, 8, a 19\u00aa edi\u00e7\u00e3o da Feira de Tecnologia Agropecu\u00e1ria do Tocantins (Agrotins), que ser\u00e1 realizada no per\u00edodo de 7 a 11 de maio, no Parque Agrotecnol\u00f3gico de Palmas. O evento aconteceu no audit\u00f3rio do Pal\u00e1cio Araguaia, com a presen\u00e7a de representantes do agroneg\u00f3cio, autoridades pol\u00edticas e membros da sociedade civil, que na oportunidade conheceram a programa\u00e7\u00e3o daquela que j\u00e1 \u00e9 considerada a maior feira do g\u00eanero da regi\u00e3o norte e a 5\u00aa maior do Pa\u00eds.<\/p>\n<p>O Governador destacou o potencial do Estado e os investimentos que est\u00e3o sendo realizados para melhorar a infraestrutura e atrair novos empreendimentos. Destacou ainda que a Agrotins \u00e9 uma grande vitrine para os produtores do Tocantins, que re\u00fane representantes de todos os segmentos. \u201cEsse evento \u00e9 uma grande oportunidade para os nossos produtores conhecerem o que h\u00e1 de melhor no setor e tamb\u00e9m trocarem experi\u00eancias para melhorar a produtividade. Aqui se juntam os grandes, m\u00e9dios e pequenos produtores em busca da divulga\u00e7\u00e3o e transfer\u00eancia ao setor produtivo dos conhecimentos tecnol\u00f3gicos gerados pela pesquisa agropecu\u00e1ria e industrial, al\u00e9m da comercializa\u00e7\u00e3o de produtos visando o desenvolvimento sustent\u00e1vel\u201d, ressaltou.<\/p>\n<p>O vice-governador Wanderlei Barbosa destacou a import\u00e2ncia do evento para o setor produtivo. \u201cA agricultura e a pecu\u00e1ria s\u00e3o fundamentais para a economia do Tocantins, e para melhorar as condi\u00e7\u00f5es de escoamento o governador vai realizar uma for\u00e7a tarefa para recupera\u00e7\u00e3o de todas as rodovias do Estado o que tornar\u00e1 o setor muito mais competitivo\u201d.<\/p>\n<p>O secret\u00e1rio da Agricultura, Pecu\u00e1ria e Aquicultura, C\u00e9sar Halum, afirmou que a Agrotins \u00e9 um evento do setor produtivo tocantinense que a cada ano mostra o crescimento e a import\u00e2ncia do agroneg\u00f3cio no Estado. O secret\u00e1rio disse que uma nova avenida foi aberta no interior do parque, o que vai permitir a expans\u00e3o do n\u00famero de expositores, ag\u00eancias banc\u00e1rias e outros. \u201cO agroneg\u00f3cio \u00e9 quem estrutura a economia do nosso Estado e al\u00e9m disso, o produtor \u00e9 quem mais preserva o meio ambiente da\u00ed a import\u00e2ncia do tema\u201d, explicou o secret\u00e1rio, ressaltando que a expectativa \u00e9 a melhor poss\u00edvel. \u201cJ\u00e1 temos praticamente 100% dos espa\u00e7os existentes reservados e estamos ampliando outros para atender as demandas. Os empres\u00e1rios est\u00e3o confiantes e investindo na participa\u00e7\u00e3o na Agrotins 2019\u201d, sustentou.<\/p>\n<p>&nbsp;<\/p>\n<p><strong>Homenagens<\/strong><\/p>\n<p>Durante o evento foram homenageados o ex-governador Siqueira Campos e os ex-secret\u00e1rios de estado da Agricultura, Jalbas Aires Manduca, Nasser Yunes e Roberto Sahium, que idealizaram e realizaram as primeiras edi\u00e7\u00f5es da Agrotins.<\/p>\n<p>O evento foi prestigiado ainda pelo ministro do Tribunal de Contas da Uni\u00e3o (TCU), Augusto Nardes, que na oportunidade destacou a import\u00e2ncia da ferrovia Norte-Sul para a competividade do agroneg\u00f3cio. \u201cSabemos do potencial produtivo do Tocantins e nos colocamos a disposi\u00e7\u00e3o para ajudar na medida do poss\u00edvel\u201d, disse.<\/p>\n<p><strong>Centro Tecnol\u00f3gico<\/strong><\/p>\n<p>O Centro Agrotecnol\u00f3gico de Palmas conta com uma \u00e1rea de 70 hectares, onde s\u00e3o instaladas unidades demonstrativas de campo, \u00e1rea para din\u00e2micas, estandes, estacionamentos, pra\u00e7a de alimenta\u00e7\u00e3o, vias de circula\u00e7\u00e3o, audit\u00f3rio e demais edifica\u00e7\u00f5es de apoio. A expectativa da Seagro \u00e9 que cerca de 700 expositores de empresas de m\u00e1quinas agr\u00edcolas, insumos e servi\u00e7os agr\u00edcolas, agroenergias, fazendas, constru\u00e7\u00e3o civil, concession\u00e1rias de ve\u00edculos, associa\u00e7\u00f5es e cooperativas, institui\u00e7\u00f5es banc\u00e1rias, \u00f3rg\u00e3os p\u00fablicos da esfera federal, estadual e municipal, entre outros ligados ao setor agropecu\u00e1rio exponham seus produtos durante os cinco dias de evento.<\/p>\n<p><strong>Tecnologias<\/strong><\/p>\n<p>Em mais de uma d\u00e9cada e meia, a Agrotins vem se firmando como refer\u00eancia na divulga\u00e7\u00e3o, transfer\u00eancia de conhecimento e tecnologia para o crescimento do segmento agropecu\u00e1rio regional, atraindo expositores e investidores de v\u00e1rias partes do Brasil que t\u00eam, entre as fontes econ\u00f4micas, o agroneg\u00f3cio. No evento s\u00e3o apresentadas vitrines tecnol\u00f3gicas com indica\u00e7\u00e3o de novas cultivares, adaptadas \u00e0 realidade do clima e solo da regi\u00e3o, e economicamente vi\u00e1veis, al\u00e9m de palestras e cursos voltados para a \u00e1rea rural, exposi\u00e7\u00e3o e julgamento de ra\u00e7as de animais, torneio e a modernidade de m\u00e1quinas e implementos agr\u00edcolas e ve\u00edculos.<\/p>\n<p>&nbsp;<\/p>\n<p><strong>Evolu\u00e7\u00e3o<\/strong><\/p>\n<p>&nbsp;<\/p>\n<p>A hist\u00f3ria da Agrotins \u00e9 de sucesso. Na primeira edi\u00e7\u00e3o, em 2001, realizada na Fazenda Dom Augusto, no munic\u00edpio de Porto Nacional, foram movimentados R$ 7 milh\u00f5es em volume de neg\u00f3cios, esse n\u00famero foi crescendo e em 2018 superou o valor de R$ 1 bilh\u00e3o. Quanto ao n\u00famero de visitantes, tamb\u00e9m houve evolu\u00e7\u00e3o consider\u00e1vel, pois, na primeira Agrotins, foram pouco mais de 10 mil pessoas e, de 2018, mais de 142.728 mil vindos de todas as regi\u00f5es do Tocantins e de diferentes estados brasileiros. Parte do sucesso em volume de neg\u00f3cios se deve tamb\u00e9m \u00e0 participa\u00e7\u00e3o das institui\u00e7\u00f5es financeiras, oferecendo linhas de cr\u00e9dito, taxas reduzidas e servi\u00e7os especiais para o p\u00fablico da Agrotins.<\/p>\n<p>&nbsp;<\/p>\n<p>A quantidade de empresas e institui\u00e7\u00f5es participantes tamb\u00e9m \u00e9 fator preponderante no sucesso da Feira e o n\u00famero de expositores cresceu significativamente. Em 2001, foram 88, e foi crescente at\u00e9 678 expositores em 2018.<\/p>\n","protected":false},"excerpt":{"rendered":"<p>Com o tema Agroneg\u00f3cio de Atitude Sustent\u00e1vel, o governador do Estado do Tocantins, Mauro Carlesse, lan\u00e7ou na tarde desta segunda-feira, 8, a 19\u00aa edi\u00e7\u00e3o da Feira de Tecnologia Agropecu\u00e1ria do Tocantins (Agrotins), que ser\u00e1 realizada no per\u00edodo de 7 a 11 de maio, no Parque Agrotecnol\u00f3gico de Palmas. O evento aconteceu no audit\u00f3rio do Pal\u00e1cio [&hellip;]<\/p>\n","protected":false},"author":2,"featured_media":2944,"comment_status":"open","ping_status":"open","sticky":false,"template":"","format":"standard","meta":[],"categories":[2,3],"tags":[],"_links":{"self":[{"href":"https:\/\/dgospel.com.br\/portal\/index.php\/wp-json\/wp\/v2\/posts\/2943"}],"collection":[{"href":"https:\/\/dgospel.com.br\/portal\/index.php\/wp-json\/wp\/v2\/posts"}],"about":[{"href":"https:\/\/dgospel.com.br\/portal\/index.php\/wp-json\/wp\/v2\/types\/post"}],"author":[{"embeddable":true,"href":"https:\/\/dgospel.com.br\/portal\/index.php\/wp-json\/wp\/v2\/users\/2"}],"replies":[{"embeddable":true,"href":"https:\/\/dgospel.com.br\/portal\/index.php\/wp-json\/wp\/v2\/comments?post=2943"}],"version-history":[{"count":1,"href":"https:\/\/dgospel.com.br\/portal\/index.php\/wp-json\/wp\/v2\/posts\/2943\/revisions"}],"predecessor-version":[{"id":2945,"href":"https:\/\/dgospel.com.br\/portal\/index.php\/wp-json\/wp\/v2\/posts\/2943\/revisions\/2945"}],"wp:featuredmedia":[{"embeddable":true,"href":"https:\/\/dgospel.com.br\/portal\/index.php\/wp-json\/wp\/v2\/media\/2944"}],"wp:attachment":[{"href":"https:\/\/dgospel.com.br\/portal\/index.php\/wp-json\/wp\/v2\/media?parent=2943"}],"wp:term":[{"taxonomy":"category","embeddable":true,"href":"https:\/\/dgospel.com.br\/portal\/index.php\/wp-json\/wp\/v2\/categories?post=2943"},{"taxonomy":"post_tag","embeddable":true,"href":"https:\/\/dgospel.com.br\/portal\/index.php\/wp-json\/wp\/v2\/tags?post=2943"}],"curies":[{"name":"wp","href":"https:\/\/api.w.org\/{rel}","templated":true}]}}