{"id":2953,"date":"2019-04-13T08:48:23","date_gmt":"2019-04-13T11:48:23","guid":{"rendered":"http:\/\/dgospel.com.br\/portal\/?p=2953"},"modified":"2019-04-13T08:48:23","modified_gmt":"2019-04-13T11:48:23","slug":"damares-alves-quer-agravar-pena-por-abuso-sexual-quando-cometida-por-lider-religioso","status":"publish","type":"post","link":"https:\/\/dgospel.com.br\/portal\/index.php\/2019\/04\/13\/damares-alves-quer-agravar-pena-por-abuso-sexual-quando-cometida-por-lider-religioso\/","title":{"rendered":"Damares Alves quer agravar pena por abuso sexual quando cometida por l\u00edder religioso"},"content":{"rendered":"<p>A ministra\u00a0da Mulher, da Fam\u00edlia e dos Direitos Humanos,\u00a0<strong><a href=\"https:\/\/guiame.com.br\/gospel\/noticias\/michelle-bolsonaro-abraca-causa-das-pessoas-com-doencas-raras.html\">Damares Alves<\/a><\/strong>, afirmou nesta quarta-feira (10), durante audi\u00eancia na Comiss\u00e3o de Direitos Humanos e Minorias da C\u00e2mara, que dados do Disque 100 revelam que l\u00edderes religiosos de todos os segmentos s\u00e3o os principais abusadores de mulheres e crian\u00e7as.<\/p>\n<p>As informa\u00e7\u00f5es s\u00e3o extra\u00eddas de den\u00fancias feitas ao Disque 100, que mostram que essa propor\u00e7\u00e3o \u00e9 de 11% envolvendo essas lideran\u00e7as, a maior dentre as acusa\u00e7\u00f5es repassadas \u00e0 equipe do minist\u00e9rio que cuida do servi\u00e7o, segunda a ministra.<\/p>\n<p>V\u00edtima de abuso sexual na inf\u00e2ncia por um l\u00edder religioso, Damares afirmou que o minist\u00e9rio vai fazer um \u201cenfrentamento\u201d da quest\u00e3o. \u201cVou fazer esse enfrentamento. Vamos enviar uma proposta em que a pena por abuso seja agravada se for cometida por um l\u00edder religioso\u201d, revelou.<\/p>\n<p>\u201cQuem passou pelo calv\u00e1rio que eu passei, sabe o que \u00e9 estar no colo de um abusador\u201d, disse a ministra a CDHM, onde tamb\u00e9m afirmou que est\u00e1 lutando e trabalhando para que essa \u201cseja a melhor na\u00e7\u00e3o do mundo para se criar meninas\u201d.<\/p>\n<p>A chefe da pasta afirmou que o minist\u00e9rio acompanha as dezenas de casos de abuso sexual envolvendo o l\u00edder religioso\u00a0<strong><a href=\"https:\/\/guiame.com.br\/gospel\/noticias\/joao-de-deus-usava-fe-para-cometer-abusos-sexuais-diz-delegado.html\">Jo\u00e3o de Deus<\/a><\/strong>, que classificou o caso como \u201co maior caso de abuso sexual do mundo\u201d. Damares disse que o caso \u201c\u00e9 a mais uma trag\u00e9dia para esse pa\u00eds\u201d.<\/p>\n<p>A ministra disse ainda que o Disque 100 abriu um canal para den\u00fancias de viola\u00e7\u00f5es de direitos humanos em alojamentos de times de futebol, depois do inc\u00eandio no centro de treinamento do Flamengo que deixou dez jovens mortos. \u201cVoc\u00eas n\u00e3o t\u00eam ideia da quantidade de den\u00fancias que est\u00e1 chegando\u201d, alertou.<\/p>\n<p>Damares tamb\u00e9m falou sobre\u00a0<strong><a href=\"https:\/\/guiame.com.br\/gospel\/noticias\/damares-reforca-posicao-contra-aborto-na-onu-defenderemos-o-direito-vida.html\">aborto<\/a><\/strong>. Segundo ela, n\u00e3o haver\u00e1 \u201cmilit\u00e2ncia\u201d nem contra nem a favor da descriminaliza\u00e7\u00e3o do aborto. \u201cA espinha dorsal do minist\u00e9rio \u00e9 a defesa da vida\u201d, esclareceu.<\/p>\n","protected":false},"excerpt":{"rendered":"<p>A ministra\u00a0da Mulher, da Fam\u00edlia e dos Direitos Humanos,\u00a0Damares Alves, afirmou nesta quarta-feira (10), durante audi\u00eancia na Comiss\u00e3o de Direitos Humanos e Minorias da C\u00e2mara, que dados do Disque 100 revelam que l\u00edderes religiosos de todos os segmentos s\u00e3o os principais abusadores de mulheres e crian\u00e7as. As informa\u00e7\u00f5es s\u00e3o extra\u00eddas de den\u00fancias feitas ao Disque [&hellip;]<\/p>\n","protected":false},"author":2,"featured_media":2954,"comment_status":"open","ping_status":"open","sticky":false,"template":"","format":"standard","meta":[],"categories":[2,5,6],"tags":[],"_links":{"self":[{"href":"https:\/\/dgospel.com.br\/portal\/index.php\/wp-json\/wp\/v2\/posts\/2953"}],"collection":[{"href":"https:\/\/dgospel.com.br\/portal\/index.php\/wp-json\/wp\/v2\/posts"}],"about":[{"href":"https:\/\/dgospel.com.br\/portal\/index.php\/wp-json\/wp\/v2\/types\/post"}],"author":[{"embeddable":true,"href":"https:\/\/dgospel.com.br\/portal\/index.php\/wp-json\/wp\/v2\/users\/2"}],"replies":[{"embeddable":true,"href":"https:\/\/dgospel.com.br\/portal\/index.php\/wp-json\/wp\/v2\/comments?post=2953"}],"version-history":[{"count":1,"href":"https:\/\/dgospel.com.br\/portal\/index.php\/wp-json\/wp\/v2\/posts\/2953\/revisions"}],"predecessor-version":[{"id":2955,"href":"https:\/\/dgospel.com.br\/portal\/index.php\/wp-json\/wp\/v2\/posts\/2953\/revisions\/2955"}],"wp:featuredmedia":[{"embeddable":true,"href":"https:\/\/dgospel.com.br\/portal\/index.php\/wp-json\/wp\/v2\/media\/2954"}],"wp:attachment":[{"href":"https:\/\/dgospel.com.br\/portal\/index.php\/wp-json\/wp\/v2\/media?parent=2953"}],"wp:term":[{"taxonomy":"category","embeddable":true,"href":"https:\/\/dgospel.com.br\/portal\/index.php\/wp-json\/wp\/v2\/categories?post=2953"},{"taxonomy":"post_tag","embeddable":true,"href":"https:\/\/dgospel.com.br\/portal\/index.php\/wp-json\/wp\/v2\/tags?post=2953"}],"curies":[{"name":"wp","href":"https:\/\/api.w.org\/{rel}","templated":true}]}}