{"id":2956,"date":"2019-04-13T08:50:19","date_gmt":"2019-04-13T11:50:19","guid":{"rendered":"http:\/\/dgospel.com.br\/portal\/?p=2956"},"modified":"2019-04-13T08:50:19","modified_gmt":"2019-04-13T11:50:19","slug":"bolsonaro-almoca-com-pastores-e-reafirma-compromisso-com-israel","status":"publish","type":"post","link":"https:\/\/dgospel.com.br\/portal\/index.php\/2019\/04\/13\/bolsonaro-almoca-com-pastores-e-reafirma-compromisso-com-israel\/","title":{"rendered":"Bolsonaro almo\u00e7a com pastores e reafirma compromisso com Israel"},"content":{"rendered":"<p>O presidente Jair Bolsonaro participou de um almo\u00e7o com cerca de 100 pastores nesta quinta-feira (11) no \u00a0Hilton Hotel, na Barra da Tijuca, na zona oeste do Rio de Janeiro. Tamb\u00e9m estiveram presentes o presidente do Supremo Tribunal Federal, Dias Toffoli, o presidente do Senado, Davi Alcolumbre, e o governador do Rio, Wilson Witzel.<\/p>\n<p>O almo\u00e7o foi promovido pelo Conselho Interdenominacional de Ministros Evang\u00e9licos do Brasil (CIMEB) e conduzido pelo pastor Silas Malafaia, que afirmou ter reunido 90% da representa\u00e7\u00e3o evang\u00e9lica do pa\u00eds.<\/p>\n<p>Durante discurso no evento, Bolsonaro disse que a viagem a Israel tocou sua alma e reafirmou seu\u00a0<a href=\"https:\/\/guiame.com.br\/gospel\/israel\/bolsonaro-confirma-mudanca-da-embaixada-brasileira-em-israel-para-jerusalem.html\"><strong>compromisso de transferir a embaixada<\/strong><\/a>\u00a0brasileira de Tel Aviv para Jerusal\u00e9m. Seu primeiro passo foi anunciar a cria\u00e7\u00e3o de um\u00a0<a href=\"https:\/\/guiame.com.br\/gospel\/israel\/bolsonaro-estuda-abrir-escritorio-de-negocios-em-jerusalem.html\"><strong>escrit\u00f3rio de neg\u00f3cios<\/strong><\/a>\u00a0na cidade santa. \u00a0\u201cQueremos cumprir esse compromisso, mas, como um bom casamento, tem que namorar, ficar noivo\u201d, explicou.<\/p>\n<p>O presidente disse ainda que sentiu-se inspirado em Israel para tirar o Brasil da crise. \u201cVeja o que eles n\u00e3o t\u00eam e o que eles s\u00e3o. N\u00e3o t\u00eam riquezas naturais, \u00e1gua, biodiversidade, terras f\u00e9rteis, grandes \u00e1reas tur\u00edsticas \u2014 a n\u00e3o ser as b\u00edblicas. E olha n\u00f3s. N\u00f3s temos tudo e olha o que n\u00f3s n\u00e3o somos. O que nos falta \u00e9 f\u00e9. Falta gente que sirva de exemplo para os demais e que n\u00e3o me\u00e7a sacrif\u00edcio na \u00e1rea de trabalho\u201d.<\/p>\n<p>O pastor norte-americano\u00a0<a href=\"https:\/\/guiame.com.br\/gospel\/mundo-cristao\/o-reconhecimento-de-jerusalem-pelos-eua-aconteceu-no-tempo-biblico-exato-diz-pastor.html\"><strong>John Hagee<\/strong><\/a>, fundador da organiza\u00e7\u00e3o Crist\u00e3os Unidos por Israel, disse que os crist\u00e3os t\u00eam uma d\u00edvida com os judeus e que \u201cDeus tem aben\u00e7oado Trump\u201d por ter reconhecido Jerusal\u00e9m como capital de Israel. O pastor pediu que os evang\u00e9licos brasileiros tamb\u00e9m se movam nesta dire\u00e7\u00e3o.<\/p>\n<p><strong>Igreja e sociedade<\/strong><\/p>\n<p>O presidente do STF, Dias Toffoli, reconheceu o trabalho que os evang\u00e9licos t\u00eam feito no pa\u00eds, destacando que os l\u00edderes religiosos chegam onde o Estado n\u00e3o est\u00e1.<\/p>\n<p>\u201cAp\u00f3s momentos t\u00e3o dif\u00edceis nos \u00faltimos quatro, cinco anos, com crise econ\u00f4mica agud\u00edssima, com decr\u00e9scimo do PIB, afetando principalmente as periferias, l\u00e1 onde at\u00e9 o Estado n\u00e3o est\u00e1 muitas vezes, est\u00e1 uma igreja evang\u00e9lica\u201d, afirmou. \u201cAs senhoras e senhores atuam naqueles lugares que seguram muitas vezes a possibilidade do desespero humano chegar a sua \u00faltima consequ\u00eancia\u201d.<\/p>\n<p>O pastor Silas Malafaia, l\u00edder da Assembleia de Deus Vit\u00f3ria em Cristo, observou que o voto dos evang\u00e9licos em Bolsonaro n\u00e3o foi \u201cexclusivamente por causa da agenda moral\u201d.<\/p>\n<p>\u201cVotamos em Bolsonaro porque ele tem vida limpa, pela quest\u00e3o da seguran\u00e7a, da corrup\u00e7\u00e3o, pela quest\u00e3o de um novo pa\u00eds, pela quest\u00e3o do desemprego\u201d, disse o pastor, destacando que os evang\u00e9licos n\u00e3o s\u00e3o alienados. \u201cEstamos inseridos no contexto das necessidades e desejos desse pa\u00eds grande\u201d.<\/p>\n<p>Malafaia elogiou o presidente do STF e o presidente do Senado e analisou os primeiros cem dias do presidente Jair Bolsonaro: \u201cUm pepino de 14 anos \u00e9 em 100 dias que vai resolver? Vamos ter paci\u00eancia\u201d.<\/p>\n","protected":false},"excerpt":{"rendered":"<p>O presidente Jair Bolsonaro participou de um almo\u00e7o com cerca de 100 pastores nesta quinta-feira (11) no \u00a0Hilton Hotel, na Barra da Tijuca, na zona oeste do Rio de Janeiro. Tamb\u00e9m estiveram presentes o presidente do Supremo Tribunal Federal, Dias Toffoli, o presidente do Senado, Davi Alcolumbre, e o governador do Rio, Wilson Witzel. O [&hellip;]<\/p>\n","protected":false},"author":2,"featured_media":2957,"comment_status":"open","ping_status":"open","sticky":false,"template":"","format":"standard","meta":[],"categories":[2,5,6,4],"tags":[],"_links":{"self":[{"href":"https:\/\/dgospel.com.br\/portal\/index.php\/wp-json\/wp\/v2\/posts\/2956"}],"collection":[{"href":"https:\/\/dgospel.com.br\/portal\/index.php\/wp-json\/wp\/v2\/posts"}],"about":[{"href":"https:\/\/dgospel.com.br\/portal\/index.php\/wp-json\/wp\/v2\/types\/post"}],"author":[{"embeddable":true,"href":"https:\/\/dgospel.com.br\/portal\/index.php\/wp-json\/wp\/v2\/users\/2"}],"replies":[{"embeddable":true,"href":"https:\/\/dgospel.com.br\/portal\/index.php\/wp-json\/wp\/v2\/comments?post=2956"}],"version-history":[{"count":1,"href":"https:\/\/dgospel.com.br\/portal\/index.php\/wp-json\/wp\/v2\/posts\/2956\/revisions"}],"predecessor-version":[{"id":2958,"href":"https:\/\/dgospel.com.br\/portal\/index.php\/wp-json\/wp\/v2\/posts\/2956\/revisions\/2958"}],"wp:featuredmedia":[{"embeddable":true,"href":"https:\/\/dgospel.com.br\/portal\/index.php\/wp-json\/wp\/v2\/media\/2957"}],"wp:attachment":[{"href":"https:\/\/dgospel.com.br\/portal\/index.php\/wp-json\/wp\/v2\/media?parent=2956"}],"wp:term":[{"taxonomy":"category","embeddable":true,"href":"https:\/\/dgospel.com.br\/portal\/index.php\/wp-json\/wp\/v2\/categories?post=2956"},{"taxonomy":"post_tag","embeddable":true,"href":"https:\/\/dgospel.com.br\/portal\/index.php\/wp-json\/wp\/v2\/tags?post=2956"}],"curies":[{"name":"wp","href":"https:\/\/api.w.org\/{rel}","templated":true}]}}