{"id":2962,"date":"2019-04-13T08:56:32","date_gmt":"2019-04-13T11:56:32","guid":{"rendered":"http:\/\/dgospel.com.br\/portal\/?p=2962"},"modified":"2019-04-13T08:56:32","modified_gmt":"2019-04-13T11:56:32","slug":"em-sessao-historica-cgadb-estabelece-a-rede-assembleiana-de-ensino-rae","status":"publish","type":"post","link":"https:\/\/dgospel.com.br\/portal\/index.php\/2019\/04\/13\/em-sessao-historica-cgadb-estabelece-a-rede-assembleiana-de-ensino-rae\/","title":{"rendered":"Em sess\u00e3o hist\u00f3rica, CGADB estabelece a Rede Assembleiana de Ensino (RAE)"},"content":{"rendered":"<p>Na \u00faltima quarta-feira (10), por volta das 16h30, na sede da COMIADEPA em Bel\u00e9m (PA), por ocasi\u00e3o da 8\u00aa Assembleia Geral Extraordin\u00e1ria (AGE), a Conven\u00e7\u00e3o Geral das Assembleias de Deus no Brasil (CGADB), instituiu a \u201cRede Assembleiana de Ensino\u201d (RAE). O projeto foi apresentado pelo Conselho de Educa\u00e7\u00e3o e Cultura (CEC) com o apoio da presid\u00eancia e membros da Mesa Diretora da CGADB e aprovado por unanimidade pelos convencionais presentes na capital paraense.<\/p>\n<p>A \u201cRede Assembleiana de Ensino\u201d (RAE) \u00e9 pessoa jur\u00eddica de direito privado, do tipo associa\u00e7\u00e3o, vinculada a CGADB, de car\u00e1ter educacional, cultural, beneficente e assistencial, com autonomia administrativa e financeira com dura\u00e7\u00e3o por tempo indeterminado, com sede e foro na cidade do Rio de Janeiro, capital.<\/p>\n<p>A RAE tem por finalidades, dentre outras, \u201cpromover o aprimoramento cultural e intelectual dos membros da CGADB e demais interessados, por meio da cria\u00e7\u00e3o e manuten\u00e7\u00e3o de estabelecimentos de ensino fundamental, m\u00e9dio (Col\u00e9gio Assembleiano) e tamb\u00e9m do ensino superior, de P\u00f3s-Gradua\u00e7\u00e3o, Lato e Stricto Sensu (Universidade Assembleiana)\u201d.<\/p>\n<p>A cria\u00e7\u00e3o da RAE \u00e9 um marco hist\u00f3rico para as Assembleias de Deus fundada em 18 de junho de 1911 em Bel\u00e9m do Par\u00e1. Nas \u00faltimas d\u00e9cadas, a membresia das Assembleias de Deus ansiava por um projeto educacional de forma\u00e7\u00e3o acad\u00eamica de qualidade e com o pressuposto da cosmovis\u00e3o crist\u00e3. &#8220;A institui\u00e7\u00e3o da Rede Assembleiana de Ensino vem atender esta necessidade na Igreja p\u00f3s centen\u00e1ria. Parabenizamos a CGADB e sua lideran\u00e7a por t\u00e3o pertinente decis\u00e3o e substancial iniciativa. Soli Deo Gl\u00f3ria!&#8221;, diz o presidente do Conselho de Educa\u00e7\u00e3oe Cultura da CGADB, pastor Douglas Baptista.<\/p>\n<p>&nbsp;<\/p>\n","protected":false},"excerpt":{"rendered":"<p>Na \u00faltima quarta-feira (10), por volta das 16h30, na sede da COMIADEPA em Bel\u00e9m (PA), por ocasi\u00e3o da 8\u00aa Assembleia Geral Extraordin\u00e1ria (AGE), a Conven\u00e7\u00e3o Geral das Assembleias de Deus no Brasil (CGADB), instituiu a \u201cRede Assembleiana de Ensino\u201d (RAE). O projeto foi apresentado pelo Conselho de Educa\u00e7\u00e3o e Cultura (CEC) com o apoio da [&hellip;]<\/p>\n","protected":false},"author":2,"featured_media":2963,"comment_status":"open","ping_status":"open","sticky":false,"template":"","format":"standard","meta":[],"categories":[2,5,6],"tags":[],"_links":{"self":[{"href":"https:\/\/dgospel.com.br\/portal\/index.php\/wp-json\/wp\/v2\/posts\/2962"}],"collection":[{"href":"https:\/\/dgospel.com.br\/portal\/index.php\/wp-json\/wp\/v2\/posts"}],"about":[{"href":"https:\/\/dgospel.com.br\/portal\/index.php\/wp-json\/wp\/v2\/types\/post"}],"author":[{"embeddable":true,"href":"https:\/\/dgospel.com.br\/portal\/index.php\/wp-json\/wp\/v2\/users\/2"}],"replies":[{"embeddable":true,"href":"https:\/\/dgospel.com.br\/portal\/index.php\/wp-json\/wp\/v2\/comments?post=2962"}],"version-history":[{"count":1,"href":"https:\/\/dgospel.com.br\/portal\/index.php\/wp-json\/wp\/v2\/posts\/2962\/revisions"}],"predecessor-version":[{"id":2964,"href":"https:\/\/dgospel.com.br\/portal\/index.php\/wp-json\/wp\/v2\/posts\/2962\/revisions\/2964"}],"wp:featuredmedia":[{"embeddable":true,"href":"https:\/\/dgospel.com.br\/portal\/index.php\/wp-json\/wp\/v2\/media\/2963"}],"wp:attachment":[{"href":"https:\/\/dgospel.com.br\/portal\/index.php\/wp-json\/wp\/v2\/media?parent=2962"}],"wp:term":[{"taxonomy":"category","embeddable":true,"href":"https:\/\/dgospel.com.br\/portal\/index.php\/wp-json\/wp\/v2\/categories?post=2962"},{"taxonomy":"post_tag","embeddable":true,"href":"https:\/\/dgospel.com.br\/portal\/index.php\/wp-json\/wp\/v2\/tags?post=2962"}],"curies":[{"name":"wp","href":"https:\/\/api.w.org\/{rel}","templated":true}]}}