{"id":2968,"date":"2019-04-13T09:07:33","date_gmt":"2019-04-13T12:07:33","guid":{"rendered":"http:\/\/dgospel.com.br\/portal\/?p=2968"},"modified":"2019-04-13T09:07:33","modified_gmt":"2019-04-13T12:07:33","slug":"decreto-autoriza-travestis-e-transexuais-a-usarem-nome-social-nos-documentos-e-cadastros-em-palmas","status":"publish","type":"post","link":"https:\/\/dgospel.com.br\/portal\/index.php\/2019\/04\/13\/decreto-autoriza-travestis-e-transexuais-a-usarem-nome-social-nos-documentos-e-cadastros-em-palmas\/","title":{"rendered":"Decreto autoriza travestis e transexuais a usarem nome social nos documentos e cadastros em Palmas"},"content":{"rendered":"<div class=\"mc-column content-text active-extra-styles active-capital-letter\" data-block-type=\"unstyled\" data-block-weight=\"56\" data-block-id=\"2\">\n<p class=\"content-text__container theme-color-primary-first-letter\" data-track-category=\"Link no Texto\" data-track-links=\"\">A Prefeitura de Palmas publicou um decreto que autoriza travestis e transexuais a utilizarem o nome social em documentos e cadastros de todos os \u00f3rg\u00e3os da administra\u00e7\u00e3o municipal. O texto determina que para que os nomes sejam inclu\u00eddos basta uma autodeclara\u00e7\u00e3o, sem a necessidade de apresenta\u00e7\u00e3o de testemunhas ou declara\u00e7\u00f5es oficiais. A medida j\u00e1 est\u00e1 valendo.<\/p>\n<\/div>\n<div class=\"wall protected-content\">\n<div class=\"mc-column content-text active-extra-styles \" data-block-type=\"unstyled\" data-block-weight=\"61\" data-block-id=\"3\">\n<p class=\"content-text__container \" data-track-category=\"Link no Texto\" data-track-links=\"\">O decreto foi assinado pela prefeita Cinthia Ribeiro (PSDB) e tem como base o texto que dava o mesmo direito aos travestis e transexuais no Sistema \u00danico de Sa\u00fade (SUS) de Palmas. O nome social \u00e9 a aquele pelo qual a pessoa travesti ou transexual se identifica e \u00e9 socialmente reconhecida, diferente do nome civil, que consta na certid\u00e3o de nascimento.<\/p>\n<\/div>\n<div class=\"mc-column content-text active-extra-styles \" data-block-type=\"unstyled\" data-block-weight=\"34\" data-block-id=\"4\">\n<p class=\"content-text__container \" data-track-category=\"Link no Texto\" data-track-links=\"\">A determina\u00e7\u00e3o vale para o preenchimento de fichas, cadastros, formul\u00e1rios, prontu\u00e1rios e documentos do tipo, inclusive no \u00e2mbito escolar. Tamb\u00e9m fica determinado a utiliza\u00e7\u00e3o destes nomes em registros funer\u00e1rios, incluindo as l\u00e1pides, na cidade.<\/p>\n<\/div>\n<div class=\"mc-column content-text active-extra-styles \" data-block-type=\"unstyled\" data-block-weight=\"19\" data-block-id=\"5\">\n<p class=\"content-text__container \" data-track-category=\"Link no Texto\" data-track-links=\"\">Em casos de uso imprescind\u00edvel do nome civil, ele dever\u00e1 ser escrito entre par\u00eanteses, garantindo destaque ao nome social.<\/p>\n<\/div>\n<div data-track-category=\"multicontent\" data-track-action=\"ultimo chunk conteudo\" data-track-noninteraction=\"false\" data-track-scroll=\"view\">\n<div class=\"mc-column content-text active-extra-styles \" data-block-type=\"unstyled\" data-block-weight=\"8\" data-block-id=\"6\"><\/div>\n<\/div>\n<\/div>\n<p>Fonte: G1 Tocantins<\/p>\n","protected":false},"excerpt":{"rendered":"<p>A Prefeitura de Palmas publicou um decreto que autoriza travestis e transexuais a utilizarem o nome social em documentos e cadastros de todos os \u00f3rg\u00e3os da administra\u00e7\u00e3o municipal. O texto determina que para que os nomes sejam inclu\u00eddos basta uma autodeclara\u00e7\u00e3o, sem a necessidade de apresenta\u00e7\u00e3o de testemunhas ou declara\u00e7\u00f5es oficiais. A medida j\u00e1 est\u00e1 [&hellip;]<\/p>\n","protected":false},"author":2,"featured_media":2969,"comment_status":"open","ping_status":"open","sticky":false,"template":"","format":"standard","meta":[],"categories":[2,3],"tags":[],"_links":{"self":[{"href":"https:\/\/dgospel.com.br\/portal\/index.php\/wp-json\/wp\/v2\/posts\/2968"}],"collection":[{"href":"https:\/\/dgospel.com.br\/portal\/index.php\/wp-json\/wp\/v2\/posts"}],"about":[{"href":"https:\/\/dgospel.com.br\/portal\/index.php\/wp-json\/wp\/v2\/types\/post"}],"author":[{"embeddable":true,"href":"https:\/\/dgospel.com.br\/portal\/index.php\/wp-json\/wp\/v2\/users\/2"}],"replies":[{"embeddable":true,"href":"https:\/\/dgospel.com.br\/portal\/index.php\/wp-json\/wp\/v2\/comments?post=2968"}],"version-history":[{"count":1,"href":"https:\/\/dgospel.com.br\/portal\/index.php\/wp-json\/wp\/v2\/posts\/2968\/revisions"}],"predecessor-version":[{"id":2970,"href":"https:\/\/dgospel.com.br\/portal\/index.php\/wp-json\/wp\/v2\/posts\/2968\/revisions\/2970"}],"wp:featuredmedia":[{"embeddable":true,"href":"https:\/\/dgospel.com.br\/portal\/index.php\/wp-json\/wp\/v2\/media\/2969"}],"wp:attachment":[{"href":"https:\/\/dgospel.com.br\/portal\/index.php\/wp-json\/wp\/v2\/media?parent=2968"}],"wp:term":[{"taxonomy":"category","embeddable":true,"href":"https:\/\/dgospel.com.br\/portal\/index.php\/wp-json\/wp\/v2\/categories?post=2968"},{"taxonomy":"post_tag","embeddable":true,"href":"https:\/\/dgospel.com.br\/portal\/index.php\/wp-json\/wp\/v2\/tags?post=2968"}],"curies":[{"name":"wp","href":"https:\/\/api.w.org\/{rel}","templated":true}]}}