{"id":297,"date":"2018-05-22T16:53:16","date_gmt":"2018-05-22T19:53:16","guid":{"rendered":"http:\/\/dgospel.com.br\/portal\/?p=297"},"modified":"2018-05-22T16:53:16","modified_gmt":"2018-05-22T19:53:16","slug":"luana-ribeiro-participa-de-entrega-de-centro-de-formacao-e-producao-do-trabalho-prisional-em-palmas","status":"publish","type":"post","link":"https:\/\/dgospel.com.br\/portal\/index.php\/2018\/05\/22\/luana-ribeiro-participa-de-entrega-de-centro-de-formacao-e-producao-do-trabalho-prisional-em-palmas\/","title":{"rendered":"Luana Ribeiro participa de entrega de Centro de Forma\u00e7\u00e3o e Produ\u00e7\u00e3o do Trabalho Prisional em Palmas"},"content":{"rendered":"<div><span style=\"font-size: large;\">A presidente interina da Assembleia Legislativa, deputada Luana Ribeiro (PSDB) participou na manh\u00e3 desta ter\u00e7a-feira, 22, da solenidade de entrega do mais novo Centro de Forma\u00e7\u00e3o e Produ\u00e7\u00e3o do Trabalho Prisional, em Palmas.\u00a0<\/span><\/div>\n<div><span style=\"font-size: large;\">\u00a0<\/span><\/div>\n<div><span style=\"font-size: large;\">O pr\u00e9dio reformado, que agora ir\u00e1 atender egressos prisionais que procuram capacita\u00e7\u00e3o e reinser\u00e7\u00e3o no mercado de trabalho, foi entregue pelo Governo do Estado, por meio da Secretaria de Cidadania e Justi\u00e7a (Seciju).<\/span><\/div>\n<div><span style=\"font-size: large;\">\u00a0<\/span><\/div>\n<div><span style=\"font-size: large;\">O secret\u00e1rio da Seciju, Heber Fidelis, refor\u00e7ou a import\u00e2ncia do espa\u00e7o para os egressos do sistema penitenci\u00e1rio. \u201cO Centro possibilitar\u00e1 a cria\u00e7\u00e3o de novos projetos, capacita\u00e7\u00e3o profissional te\u00f3rica dos reeducandos e egressos em diversas \u00e1reas e oficinas produtivas a fim de fazer com que os presos desenvolvam a pr\u00e1tica e possam ser encaminhados para o mercado de trabalho com mais experi\u00eancia\u201d, afirmou.<\/span><\/div>\n<div><span style=\"font-size: large;\">\u00a0<\/span><\/div>\n<div><span style=\"font-size: large;\">A deputada Luana Ribeiro, uma das principais defensoras da bandeira da Seguran\u00e7a P\u00fablica no Legislativo, parabenizou a equipe da Seciju, e lembrou que o Centro que foi entregue condiz com a ess\u00eancia do projeto de lei de sua autoria, que foi sancionado em abril desse ano pelo Governo do Estado.<\/span><\/div>\n<div><span style=\"font-size: large;\">\u00a0<\/span><\/div>\n<div><span style=\"font-size: large;\">\u201cDepois de 11 anos de muita luta, a lei 3.355, de minha autoria, foi sancionada pelo Governo, e trata sobre o trabalho dos condenados com finalidade educativa, produtiva e de manuten\u00e7\u00e3o, atrav\u00e9s de presta\u00e7\u00e3o de servi\u00e7os. Seus princ\u00edpios t\u00eam tudo a ver com o Centro que est\u00e1 sendo inaugurado hoje, que ir\u00e1 ajudar a reinserir os egressos no mercado de trabalho e tamb\u00e9m na sociedade. S\u00e3o a\u00e7\u00f5es que merecem todo meu apoio\u201d disse a presidente da AL.\u00a0<\/span><\/div>\n<div><span style=\"font-size: large;\">Luana ressaltou ainda a import\u00e2ncia da reinser\u00e7\u00e3o de ex-detentos no mercado de trabalho e para a Seguran\u00e7a P\u00fablica no Estado. \u201cO trabalho dignifica o homem, por isso que eu acredito que com trabalho podemos transformar o quadro da seguran\u00e7a p\u00fablica do Tocantins. Eu acredito na reinser\u00e7\u00e3o de detentos e ex-detentos\u201d, completou.<\/span><\/div>\n","protected":false},"excerpt":{"rendered":"<p>A presidente interina da Assembleia Legislativa, deputada Luana Ribeiro (PSDB) participou na manh\u00e3 desta ter\u00e7a-feira, 22, da solenidade de entrega do mais novo Centro de Forma\u00e7\u00e3o e Produ\u00e7\u00e3o do Trabalho Prisional, em Palmas.\u00a0 \u00a0 O pr\u00e9dio reformado, que agora ir\u00e1 atender egressos prisionais que procuram capacita\u00e7\u00e3o e reinser\u00e7\u00e3o no mercado de trabalho, foi entregue pelo [&hellip;]<\/p>\n","protected":false},"author":2,"featured_media":298,"comment_status":"open","ping_status":"open","sticky":false,"template":"","format":"standard","meta":[],"categories":[8,2,3],"tags":[],"_links":{"self":[{"href":"https:\/\/dgospel.com.br\/portal\/index.php\/wp-json\/wp\/v2\/posts\/297"}],"collection":[{"href":"https:\/\/dgospel.com.br\/portal\/index.php\/wp-json\/wp\/v2\/posts"}],"about":[{"href":"https:\/\/dgospel.com.br\/portal\/index.php\/wp-json\/wp\/v2\/types\/post"}],"author":[{"embeddable":true,"href":"https:\/\/dgospel.com.br\/portal\/index.php\/wp-json\/wp\/v2\/users\/2"}],"replies":[{"embeddable":true,"href":"https:\/\/dgospel.com.br\/portal\/index.php\/wp-json\/wp\/v2\/comments?post=297"}],"version-history":[{"count":1,"href":"https:\/\/dgospel.com.br\/portal\/index.php\/wp-json\/wp\/v2\/posts\/297\/revisions"}],"predecessor-version":[{"id":299,"href":"https:\/\/dgospel.com.br\/portal\/index.php\/wp-json\/wp\/v2\/posts\/297\/revisions\/299"}],"wp:featuredmedia":[{"embeddable":true,"href":"https:\/\/dgospel.com.br\/portal\/index.php\/wp-json\/wp\/v2\/media\/298"}],"wp:attachment":[{"href":"https:\/\/dgospel.com.br\/portal\/index.php\/wp-json\/wp\/v2\/media?parent=297"}],"wp:term":[{"taxonomy":"category","embeddable":true,"href":"https:\/\/dgospel.com.br\/portal\/index.php\/wp-json\/wp\/v2\/categories?post=297"},{"taxonomy":"post_tag","embeddable":true,"href":"https:\/\/dgospel.com.br\/portal\/index.php\/wp-json\/wp\/v2\/tags?post=297"}],"curies":[{"name":"wp","href":"https:\/\/api.w.org\/{rel}","templated":true}]}}