{"id":2974,"date":"2019-04-18T09:03:52","date_gmt":"2019-04-18T12:03:52","guid":{"rendered":"http:\/\/dgospel.com.br\/portal\/?p=2974"},"modified":"2019-04-18T09:03:52","modified_gmt":"2019-04-18T12:03:52","slug":"casa-de-apoio-vera-lucia-completa-13-anos-atendendo-pacientes-e-acompanhantes-que-necessitam-de-hospedagem-em-palmas","status":"publish","type":"post","link":"https:\/\/dgospel.com.br\/portal\/index.php\/2019\/04\/18\/casa-de-apoio-vera-lucia-completa-13-anos-atendendo-pacientes-e-acompanhantes-que-necessitam-de-hospedagem-em-palmas\/","title":{"rendered":"Casa de Apoio Vera L\u00facia completa 13 anos atendendo pacientes e acompanhantes que necessitam de hospedagem em Palmas"},"content":{"rendered":"<p>Com a miss\u00e3o de oferecer hospedagem e as principais refei\u00e7\u00f5es do dia,\u00a0de forma integralmente gratuita, a\u00a0pacientes e acompanhantes em tratamento de sa\u00fade que n\u00e3o t\u00eam familiares ou condi\u00e7\u00f5es de hospedagem na Capital, a Casa de Apoio Vera L\u00facia completa, nesta quinta-feira, 18,\u00a013 anos de servi\u00e7os prestados, sendo refer\u00eancia em atendimento humanizado.<\/p>\n<p>O secret\u00e1rio de Estado do Trabalho e Desenvolvimento Social, Messias Ara\u00fajo, pasta que gerencia a Casa, explica que a Casa de Apoio funciona a muitas m\u00e3os. \u201cAqui, temos valor agregado. Mais que a hospedagem, as pessoas que passam por aqui recebem carinho e aten\u00e7\u00e3o, n\u00e3o s\u00f3 dos servidores como tamb\u00e9m de volunt\u00e1rios dos mais diversos segmentos que s\u00e3o nossos parceiros constantes na miss\u00e3o de bem servir quem passa por aqui\u201d, destaca.<\/p>\n<p>Dona Maria Aparecida Barros Tavares, de 60 anos, moradora de Guara\u00ed, cidade a 189 km da Capital, est\u00e1 hospedada na Casa\u00a0para acompanhar o neto que est\u00e1 internado na Unidade de Terapia Intensiva (UTI) do Hospital Geral de Palmas (HGP), recuperando-se de um acidente\u00a0motocicl\u00edstico. \u201cN\u00e3o \u00e9 todo mundo que tem dinheiro pra ficar em um hotel. E aqui, al\u00e9m de n\u00e3o precisar ficar na casa dos outros com aquela sensa\u00e7\u00e3o que est\u00e1 incomodando, a gente se sente em casa; ganha comida,\u00a0dormida e ainda tem o carinho das pessoas que tratam a gente bem\u201d, disse a idosa.<\/p>\n<p>M\u00e3e da primeira pessoa a ser submetida a um procedimento cir\u00fargico neurol\u00f3gico utilizando o neuronavegador com o paciente acordado, Maria da Ajuda Rosa\u00a0tamb\u00e9m passou pela Casa esta semana e declarou sua satisfa\u00e7\u00e3o de ser t\u00e3o bem recebida na cidade, por meio de atendimentos inteiramente p\u00fablicos. \u201cEu vim de Vit\u00f3ria (ES) para acompanhar essa cirurgia t\u00e3o complicada no meu filho e a gente fica t\u00e3o abalada de estar fora de casa, muitos dias sem dormir de preocupa\u00e7\u00e3o e a\u00ed me direcionaram pra essa Casa, onde eu dormi, lavei minha roupa e descansei pra voltar e ficar perto do meu filho; pedi at\u00e9 autoriza\u00e7\u00e3o pra filmar e mostrar para pessoas o quanto esse lugar \u00e9 agrad\u00e1vel\u201d, afirma a m\u00e3e de Dailton Rosa, jovem de 26 anos, que teve seu caso repercutido ap\u00f3s ser submetido ao procedimento cir\u00fargico realizado por uma equipe multidisciplinar do HGP, no \u00faltimo dia 12.<\/p>\n<p><strong>A Casa<\/strong><\/p>\n<p>A Casa de Apoio Vera L\u00facia \u00e9 um espa\u00e7o oferecido pelo Governo do Tocantins, de forma gratuita, a\u00a0acompanhantes e pacientes internados nos hospitais p\u00fablicos de Palmas. Geralmente, estas pessoas chegam a Casa ap\u00f3s passarem por um processo de avalia\u00e7\u00e3o m\u00e9dica. Os pr\u00f3prios profissionais de sa\u00fade, que j\u00e1 sabem da fun\u00e7\u00e3o da Casa, indicam \u00e0s pessoas o local.<\/p>\n<p>Como os tratamentos nos hospitais possuem cronogramas diversos, variando entre demandas di\u00e1rias, semanais, mensais ou peri\u00f3dicas, a depender do protocolo m\u00e9dico, os h\u00f3spedes permanecem na Casa pelo per\u00edodo que for necess\u00e1rio.<\/p>\n<p>A Casa de Apoio Vera L\u00facia est\u00e1 a cerca de 200 metros do HGP e possui 96 leitos equipados com beliches, al\u00e9m de cozinha, refeit\u00f3rio, brinquedoteca, sala interdisciplinar, \u00e1rea de conviv\u00eancia e capela.<\/p>\n<p><strong>A\u00e7\u00f5es volunt\u00e1rias<\/strong><\/p>\n<p>Constantemente, a Casa de Apoio recebe a\u00e7\u00f5es volunt\u00e1rias dos mais diversos segmentos. Como cada pessoa possui uma particularidade, a institui\u00e7\u00e3o est\u00e1 sempre aberta a parcerias para atender os h\u00f3spedes que precisam de roupas, cal\u00e7ados fechados (exig\u00eancia dos hospitais), itens de higiene pessoal\u00a0e alimenta\u00e7\u00e3o complementar. A gerente da Casa, Elis\u00e2ngela Sardinha, destaca que as doa\u00e7\u00f5es s\u00e3o sempre bem-vindas. Para mais informa\u00e7\u00f5es, o telefone de contato \u00e9 o 63 3218-2247.<\/p>\n","protected":false},"excerpt":{"rendered":"<p>Com a miss\u00e3o de oferecer hospedagem e as principais refei\u00e7\u00f5es do dia,\u00a0de forma integralmente gratuita, a\u00a0pacientes e acompanhantes em tratamento de sa\u00fade que n\u00e3o t\u00eam familiares ou condi\u00e7\u00f5es de hospedagem na Capital, a Casa de Apoio Vera L\u00facia completa, nesta quinta-feira, 18,\u00a013 anos de servi\u00e7os prestados, sendo refer\u00eancia em atendimento humanizado. O secret\u00e1rio de Estado [&hellip;]<\/p>\n","protected":false},"author":2,"featured_media":2975,"comment_status":"open","ping_status":"open","sticky":false,"template":"","format":"standard","meta":[],"categories":[2,3],"tags":[],"_links":{"self":[{"href":"https:\/\/dgospel.com.br\/portal\/index.php\/wp-json\/wp\/v2\/posts\/2974"}],"collection":[{"href":"https:\/\/dgospel.com.br\/portal\/index.php\/wp-json\/wp\/v2\/posts"}],"about":[{"href":"https:\/\/dgospel.com.br\/portal\/index.php\/wp-json\/wp\/v2\/types\/post"}],"author":[{"embeddable":true,"href":"https:\/\/dgospel.com.br\/portal\/index.php\/wp-json\/wp\/v2\/users\/2"}],"replies":[{"embeddable":true,"href":"https:\/\/dgospel.com.br\/portal\/index.php\/wp-json\/wp\/v2\/comments?post=2974"}],"version-history":[{"count":1,"href":"https:\/\/dgospel.com.br\/portal\/index.php\/wp-json\/wp\/v2\/posts\/2974\/revisions"}],"predecessor-version":[{"id":2976,"href":"https:\/\/dgospel.com.br\/portal\/index.php\/wp-json\/wp\/v2\/posts\/2974\/revisions\/2976"}],"wp:featuredmedia":[{"embeddable":true,"href":"https:\/\/dgospel.com.br\/portal\/index.php\/wp-json\/wp\/v2\/media\/2975"}],"wp:attachment":[{"href":"https:\/\/dgospel.com.br\/portal\/index.php\/wp-json\/wp\/v2\/media?parent=2974"}],"wp:term":[{"taxonomy":"category","embeddable":true,"href":"https:\/\/dgospel.com.br\/portal\/index.php\/wp-json\/wp\/v2\/categories?post=2974"},{"taxonomy":"post_tag","embeddable":true,"href":"https:\/\/dgospel.com.br\/portal\/index.php\/wp-json\/wp\/v2\/tags?post=2974"}],"curies":[{"name":"wp","href":"https:\/\/api.w.org\/{rel}","templated":true}]}}