{"id":2977,"date":"2019-04-18T09:05:56","date_gmt":"2019-04-18T12:05:56","guid":{"rendered":"http:\/\/dgospel.com.br\/portal\/?p=2977"},"modified":"2019-04-18T09:05:56","modified_gmt":"2019-04-18T12:05:56","slug":"secretarios-do-estado-e-da-prefeitura-de-palmas-se-reune-para-discutir-a-reestruturacao-do-polo-de-confeccoes","status":"publish","type":"post","link":"https:\/\/dgospel.com.br\/portal\/index.php\/2019\/04\/18\/secretarios-do-estado-e-da-prefeitura-de-palmas-se-reune-para-discutir-a-reestruturacao-do-polo-de-confeccoes\/","title":{"rendered":"Secret\u00e1rios do Estado e da Prefeitura de Palmas se re\u00fane para discutir a reestrutura\u00e7\u00e3o do Polo de Confec\u00e7\u00f5es"},"content":{"rendered":"<p>Dando continuidade \u00e0s a\u00e7\u00f5es para o desenvolvimento do Polo de Confec\u00e7\u00f5es do Tocantins,\u00a0o secret\u00e1rio de\u00a0Estado da Ind\u00fastria, Com\u00e9rcio e Servi\u00e7os (SICS), Ridoval Darci Chiareloto, se reuniu com a respons\u00e1vel pela pasta de Desenvolvimento Econ\u00f4mico e Emprego de Palmas, Adriana de Almeida Silva Lima. O encontro, que ocorreu na sede da secretaria municipal, no final da tarde dessa ter\u00e7a-feira, 16, contou ainda com representantes do segmento e t\u00e9cnicos das duas pastas.<\/p>\n<p>Durante a reuni\u00e3o, foi discutida\u00a0a proposta de implanta\u00e7\u00e3o, na Capital, de um centro de comercializa\u00e7\u00e3o para a exposi\u00e7\u00e3o de produtos industriais e comerciais para venda (showroom) com estacionamento, tendo capacidade para receber caravanas de atacadistas que venham de estados vizinhos como Maranh\u00e3o, Par\u00e1, Piau\u00ed e Bahia. A \u00e1rea onde ser\u00e1 instalada o projeto ainda ser\u00e1 definida em conjunto com a prefeitura e o Governo do Estado.<\/p>\n<p>De acordo com secret\u00e1rio, a ideia \u00e9 ter um espa\u00e7o com as condi\u00e7\u00f5es m\u00ednimas para que o empres\u00e1rio possa trabalhar e receber os clientes de forma adequada. \u201cAinda vamos realizar um estudo para ver a viabilidade econ\u00f4mica do projeto. Entendemos que o centro de comercializa\u00e7\u00e3o ser\u00e1 muito importante, porque existe uma demanda nesta \u00e1rea, j\u00e1 que os lojistas da Capital e das regi\u00f5es circunvizinhas est\u00e3o se deslocando para outros estados, na inten\u00e7\u00e3o de\u00a0realizar suas compras\u201d, explicou.<\/p>\n<p>Como parte da agenda, um grupo composto por membros do Governo do Estado, prefeitura e empres\u00e1rios ir\u00e1 visitar os polos de confec\u00e7\u00f5es das cidades de Jaragu\u00e1 e Inhumas, no estado de Goi\u00e1s, com o prop\u00f3sito\u00a0de coletar informa\u00e7\u00f5es que possam contribuir para formar o modelo do nosso Polo de Confec\u00e7\u00e3o do Tocantins.<\/p>\n<p><strong>Primeira reuni\u00e3o<\/strong><\/p>\n<p>A primeira reuni\u00e3o com o segmento de confec\u00e7\u00f5es ocorreu em mar\u00e7o, na sede da SICS. Na ocasi\u00e3o, foi repassado, ao secret\u00e1rio e aos t\u00e9cnicos da pasta, as principais dificuldades e os desafios para se reestruturar o setor. Na ocasi\u00e3o, foi apontado que entre as a\u00e7\u00f5es previstas para alavancar o segmento de confec\u00e7\u00e3o no Estado est\u00e3o a ado\u00e7\u00e3o de pol\u00edticas p\u00fablicas voltadas ao segmento,\u00a0a realiza\u00e7\u00e3o de um diagn\u00f3stico e, ainda, a implanta\u00e7\u00e3o de um centro de comercializa\u00e7\u00e3o dos produtos.<\/p>\n<p>Segundo a Associa\u00e7\u00e3o das Ind\u00fastrias de Confec\u00e7\u00f5es do Tocantins (Assincoto), a Capital concentra a maior parte da ind\u00fastrias de confec\u00e7\u00e3o, registrando em torno de 60 micro e pequenas empresas que produzem uniformes, lingeries, moda praia, bolsas e cal\u00e7ados. O shopping popular, Rodoshopping, abriga a maioria dos\u00a0microempreendedores da \u00e1rea, em torno de 64.<\/p>\n<p>&nbsp;<\/p>\n","protected":false},"excerpt":{"rendered":"<p>Dando continuidade \u00e0s a\u00e7\u00f5es para o desenvolvimento do Polo de Confec\u00e7\u00f5es do Tocantins,\u00a0o secret\u00e1rio de\u00a0Estado da Ind\u00fastria, Com\u00e9rcio e Servi\u00e7os (SICS), Ridoval Darci Chiareloto, se reuniu com a respons\u00e1vel pela pasta de Desenvolvimento Econ\u00f4mico e Emprego de Palmas, Adriana de Almeida Silva Lima. O encontro, que ocorreu na sede da secretaria municipal, no final da [&hellip;]<\/p>\n","protected":false},"author":2,"featured_media":2978,"comment_status":"open","ping_status":"open","sticky":false,"template":"","format":"standard","meta":[],"categories":[2,4],"tags":[],"_links":{"self":[{"href":"https:\/\/dgospel.com.br\/portal\/index.php\/wp-json\/wp\/v2\/posts\/2977"}],"collection":[{"href":"https:\/\/dgospel.com.br\/portal\/index.php\/wp-json\/wp\/v2\/posts"}],"about":[{"href":"https:\/\/dgospel.com.br\/portal\/index.php\/wp-json\/wp\/v2\/types\/post"}],"author":[{"embeddable":true,"href":"https:\/\/dgospel.com.br\/portal\/index.php\/wp-json\/wp\/v2\/users\/2"}],"replies":[{"embeddable":true,"href":"https:\/\/dgospel.com.br\/portal\/index.php\/wp-json\/wp\/v2\/comments?post=2977"}],"version-history":[{"count":1,"href":"https:\/\/dgospel.com.br\/portal\/index.php\/wp-json\/wp\/v2\/posts\/2977\/revisions"}],"predecessor-version":[{"id":2979,"href":"https:\/\/dgospel.com.br\/portal\/index.php\/wp-json\/wp\/v2\/posts\/2977\/revisions\/2979"}],"wp:featuredmedia":[{"embeddable":true,"href":"https:\/\/dgospel.com.br\/portal\/index.php\/wp-json\/wp\/v2\/media\/2978"}],"wp:attachment":[{"href":"https:\/\/dgospel.com.br\/portal\/index.php\/wp-json\/wp\/v2\/media?parent=2977"}],"wp:term":[{"taxonomy":"category","embeddable":true,"href":"https:\/\/dgospel.com.br\/portal\/index.php\/wp-json\/wp\/v2\/categories?post=2977"},{"taxonomy":"post_tag","embeddable":true,"href":"https:\/\/dgospel.com.br\/portal\/index.php\/wp-json\/wp\/v2\/tags?post=2977"}],"curies":[{"name":"wp","href":"https:\/\/api.w.org\/{rel}","templated":true}]}}