{"id":2983,"date":"2019-04-18T09:25:22","date_gmt":"2019-04-18T12:25:22","guid":{"rendered":"http:\/\/dgospel.com.br\/portal\/?p=2983"},"modified":"2019-04-18T09:25:22","modified_gmt":"2019-04-18T12:25:22","slug":"carlesse-reune-com-presidente-bolsonaro-apresenta-plano-de-recuperacao-do-estado-e-solicita-recursos-para-ponte-de-porto","status":"publish","type":"post","link":"https:\/\/dgospel.com.br\/portal\/index.php\/2019\/04\/18\/carlesse-reune-com-presidente-bolsonaro-apresenta-plano-de-recuperacao-do-estado-e-solicita-recursos-para-ponte-de-porto\/","title":{"rendered":"Carlesse re\u00fane com presidente Bolsonaro, apresenta plano de recupera\u00e7\u00e3o do Estado e solicita recursos para ponte de Porto"},"content":{"rendered":"<p>O governador do Estado do Tocantins, Mauro Carlesse, foi recebido em audi\u00eancia pelo presidente da Rep\u00fablica, Jair Bolsonaro, nesta quarta-feira, 17, no Pal\u00e1cio do Planalto em Bras\u00edlia. Esta foi a primeira audi\u00eancia oficial entre ambos.<\/p>\n<p>Na pauta, o governador Mauro Carlesse levou solicita\u00e7\u00f5es visando a constru\u00e7\u00e3o de obras estruturantes no Estado, dentre elas, a constru\u00e7\u00e3o da TO-500 (travessia da Ilha do Bananal), a libera\u00e7\u00e3o de recursos para constru\u00e7\u00e3o da nova ponte de Porto Nacional, libera\u00e7\u00e3o de recursos para asfaltamento em v\u00e1rias cidades, a libera\u00e7\u00e3o de recursos para aquisi\u00e7\u00e3o de m\u00e1quinas e o aval da Uni\u00e3o para que o Tocantins possa aderir ao Projeto Agro-Log\u00edstica.<\/p>\n<p>\u201cO Presidente foi bastante receptivo, explicamos o quanto essas obras s\u00e3o importantes para o desenvolvimento do Estado. Falamos tamb\u00e9m do esfor\u00e7o que o nosso Governo est\u00e1 realizando na redu\u00e7\u00e3o de despesas para o equil\u00edbrio das contas p\u00fablicas. O Presidente afirmou que todas os nossos pleitos ser\u00e3o analisados com agilidade e que o esfor\u00e7o que o Tocantins est\u00e1 fazendo para conseguir o enquadramento na Lei de Responsabilidade Fiscal ser\u00e1 levado em considera\u00e7\u00e3o\u201d, afirmou o Governador.<\/p>\n<p>Sobre a TO-500, o governador Mauro Carlesse solicitou ao Presidente da Rep\u00fablica, a constru\u00e7\u00e3o da rodovia que ligar\u00e1 os estados do Tocantins e Mato Grosso atrav\u00e9s da liga\u00e7\u00e3o pela Ilha do Bananal em um trecho de 90 quil\u00f4metros. O Governador apresentou o projeto da rodovia e explicou a import\u00e2ncia estrat\u00e9gica dessa obra que ir\u00e1 gerar um grande desenvolvimento para os dois estados. \u201cEssa \u00e9 uma obra de integra\u00e7\u00e3o nacional\u201d, afirmou Mauro Carlesse.<\/p>\n<p>J\u00e1 em rela\u00e7\u00e3o \u00e0s rodovias federais, o Governador solicitou a inclus\u00e3o das BR&#8217;s 010 e 235, no trecho em que cortam o Tocantins, no pacote de obras obras rodovi\u00e1rias federais, anunciados nesta quarta-feira, 17, pelo Governo Federal.<\/p>\n<p>No tocante \u00e0 ponte de Porto Nacional, o governador Mauro Carlesse tratou a obra com o presidente Jair Bolsonaro como uma das prioridades para o desenvolvimento do Estado.\u00a0 No of\u00edcio entregue ao Presidente da Rep\u00fablica, o governador Mauro Carlesse solicitou o apoio na viabiliza\u00e7\u00e3o dos R$ 130 milh\u00f5es necess\u00e1rios para execu\u00e7\u00e3o da obra.<\/p>\n<p>Para recupera\u00e7\u00e3o e conserva\u00e7\u00e3o das estradas vicinais em todos os munic\u00edpios, o Governador solicitou do Presidente a libera\u00e7\u00e3o de R$ 68.250.000,00 (sessenta e oito milh\u00f5es e duzentos e cinquenta mil reais), oriundos de emenda da bancada federal, para aquisi\u00e7\u00e3o de m\u00e1quinas que ser\u00e3o utilizadas no trabalho de melhoria de acesso \u00e0s comunidades rurais do Estado.<\/p>\n<p>O governador Mauro Carlesse tamb\u00e9m apresentou ao presidente Bolsonaro, o plano de recupera\u00e7\u00e3o fiscal do Estado, que visa reenquadrar o Tocantins na Lei de Responsabilidade Fiscal e recuperar a capacidade de investimento do Estado. Em virtude de o Tocantins estar em situa\u00e7\u00e3o diferente de outros estados, pois j\u00e1 deu in\u00edcio ao saneamento das contas p\u00fablicas e por manter compromissos em dia, como o pagamento dos servidores p\u00fablicos, o Governador solicitou ao Presidente que sejam revistos os crit\u00e9rios de avalia\u00e7\u00e3o da classifica\u00e7\u00e3o do Estado junto \u00e0 Secretaria do Tesouro Nacional. Outra solicita\u00e7\u00e3o nesse sentido, foi o requerimento de aval da Uni\u00e3o para que o Tocantins possa realizar com o Banco Interamericano de Desenvolvimento, uma opera\u00e7\u00e3o de cr\u00e9dito na linha do Projeto de melhoramento do Agroneg\u00f3cio e Infraestrutura de Transporte, Agro Log\u00edstica.<\/p>\n<p>Outro projeto estruturante importante para o Tocantins apresentado pelo Governador, foi o da revitaliza\u00e7\u00e3o do Projeto Rio Formoso, em Formoso do Araguaia. A solicita\u00e7\u00e3o do Governo do Tocantins \u00e9 de um aporte de R$ 400 milh\u00f5es.<\/p>\n<p>Em rela\u00e7\u00e3o \u00e0 pavimenta\u00e7\u00e3o asf\u00e1ltica em diversas cidades do Estado, o Governador solicitou ao Presidente a libera\u00e7\u00e3o de R$ 76.223.702,60 de recursos do programa Pr\u00f3-Transporte. Os recursos ser\u00e3o investidos nas obras de macrodrenagem das quadras 307, 309 e 407 Sul, em Palmas; na pavimenta\u00e7\u00e3o do Jardim dos Ip\u00eas, Parque da Liberdade e Novo Horizonte, em Porto Nacional; Pavimenta\u00e7\u00e3o e qualifica\u00e7\u00e3o de vias urbanas em Colinas do Tocantins; Pavimenta\u00e7\u00e3o e qualifica\u00e7\u00e3o de vias urbanas, em Palmas; Pavimenta\u00e7\u00e3o e qualifica\u00e7\u00e3o de vias urbanas, em Para\u00edso do Tocantins; Pavimenta\u00e7\u00e3o e qualifica\u00e7\u00e3o de vias urbanas, em Aragua\u00edna.<\/p>\n<p><strong>Presen\u00e7as<\/strong><\/p>\n<p>Al\u00e9m do governador Mauro Carlesse, participaram da audi\u00eancia com o presidente Bolsonaro os secret\u00e1rios de estado Sandro Armando, da Fazenda e Planejamento (Sefaz); Renato Assun\u00e7\u00e3o, da\u00a0Infraestutura, Cidades e Habita\u00e7\u00e3o (Seinf); o senador Eduardo Gomes; os deputados federais Carlos Gaguin e Washington &#8216;Cora\u00e7\u00e3o Valente&#8217;; e o ministro-chefe da Casa Civ\u00edl, Onyx Lorenzoni.<\/p>\n","protected":false},"excerpt":{"rendered":"<p>O governador do Estado do Tocantins, Mauro Carlesse, foi recebido em audi\u00eancia pelo presidente da Rep\u00fablica, Jair Bolsonaro, nesta quarta-feira, 17, no Pal\u00e1cio do Planalto em Bras\u00edlia. Esta foi a primeira audi\u00eancia oficial entre ambos. Na pauta, o governador Mauro Carlesse levou solicita\u00e7\u00f5es visando a constru\u00e7\u00e3o de obras estruturantes no Estado, dentre elas, a constru\u00e7\u00e3o [&hellip;]<\/p>\n","protected":false},"author":2,"featured_media":2984,"comment_status":"open","ping_status":"open","sticky":false,"template":"","format":"standard","meta":[],"categories":[2,4],"tags":[],"_links":{"self":[{"href":"https:\/\/dgospel.com.br\/portal\/index.php\/wp-json\/wp\/v2\/posts\/2983"}],"collection":[{"href":"https:\/\/dgospel.com.br\/portal\/index.php\/wp-json\/wp\/v2\/posts"}],"about":[{"href":"https:\/\/dgospel.com.br\/portal\/index.php\/wp-json\/wp\/v2\/types\/post"}],"author":[{"embeddable":true,"href":"https:\/\/dgospel.com.br\/portal\/index.php\/wp-json\/wp\/v2\/users\/2"}],"replies":[{"embeddable":true,"href":"https:\/\/dgospel.com.br\/portal\/index.php\/wp-json\/wp\/v2\/comments?post=2983"}],"version-history":[{"count":1,"href":"https:\/\/dgospel.com.br\/portal\/index.php\/wp-json\/wp\/v2\/posts\/2983\/revisions"}],"predecessor-version":[{"id":2985,"href":"https:\/\/dgospel.com.br\/portal\/index.php\/wp-json\/wp\/v2\/posts\/2983\/revisions\/2985"}],"wp:featuredmedia":[{"embeddable":true,"href":"https:\/\/dgospel.com.br\/portal\/index.php\/wp-json\/wp\/v2\/media\/2984"}],"wp:attachment":[{"href":"https:\/\/dgospel.com.br\/portal\/index.php\/wp-json\/wp\/v2\/media?parent=2983"}],"wp:term":[{"taxonomy":"category","embeddable":true,"href":"https:\/\/dgospel.com.br\/portal\/index.php\/wp-json\/wp\/v2\/categories?post=2983"},{"taxonomy":"post_tag","embeddable":true,"href":"https:\/\/dgospel.com.br\/portal\/index.php\/wp-json\/wp\/v2\/tags?post=2983"}],"curies":[{"name":"wp","href":"https:\/\/api.w.org\/{rel}","templated":true}]}}