{"id":2986,"date":"2019-04-18T09:42:53","date_gmt":"2019-04-18T12:42:53","guid":{"rendered":"http:\/\/dgospel.com.br\/portal\/?p=2986"},"modified":"2019-04-18T09:42:53","modified_gmt":"2019-04-18T12:42:53","slug":"ministra-damares-alves-participara-do-6o-congresso-internacional-sobre-liberdades-civis-fundamentais","status":"publish","type":"post","link":"https:\/\/dgospel.com.br\/portal\/index.php\/2019\/04\/18\/ministra-damares-alves-participara-do-6o-congresso-internacional-sobre-liberdades-civis-fundamentais\/","title":{"rendered":"Ministra Damares Alves participar\u00e1 do 6\u00ba Congresso Internacional sobre Liberdades Civis Fundamentais"},"content":{"rendered":"<p>O 6\u00ba Congresso Internacional sobre Liberdades Civis Fundamentais contar\u00e1 com a participa\u00e7\u00e3o especial da Ministra Damares Alves, que dirige atualmente o Minist\u00e9rio da Mulher, da Fam\u00edlia e dos Direitos Humanos, no dia 08 de maio, no Superior Tribunal de Justi\u00e7a (STJ), em Bras\u00edlia.<\/p>\n<p>Contribuindo de forma primorosa para o aprofundamento dos debates, a Ministra compor\u00e1 a mesa de palestrantes trazendo instiga\u00e7\u00f5es sobre como pensar o direito no atual cen\u00e1rio brasileiro com a finalidade de garantir a prote\u00e7\u00e3o dos Direitos Humanos, em especial as Liberdades Civis Fundamentais. Nesta oportunidade, a Ministra tamb\u00e9m ter\u00e1 a oportunidade de ouvir o pleito de diversas organiza\u00e7\u00f5es religiosas, no que diz respeito as \u00e1reas do governo sob sua responsabilidade.<\/p>\n<p>Vale destacar que a ANAJURE, em 23 de mar\u00e7o do presente ano, considerou a solicita\u00e7\u00e3o da Ministra Damares Alves, para contribuir tecnicamente com o texto do novo Programa Nacional de Direitos Humanos (PNDH -4), que servir\u00e1 de base \u00e0 formula\u00e7\u00e3o de pol\u00edticas p\u00fablicas. Para o melhor desenvolvimento do trabalho, a ANAJURE criou a \u201cComiss\u00e3o do Programa Nacional de Direitos Humanos (PNDH)\u201d, com v\u00e1rios nomes de experi\u00eancia comprovada, conforme pode ser acompanhado clicando\u00a0<a href=\"https:\/\/www.anajure.org.br\/anajure-cria-comissao-do-programa-nacional-de-direitos-humanos-pndh-e-comissao-de-direito-previdenciario-das-igrejas-e-suas-entidades-e-dos-ministros-de-confissao-religiosa\/\" target=\"_blank\" rel=\"noopener\">AQUI<\/a>.<\/p>\n<p>A edi\u00e7\u00e3o 2019 deste evento, anual e tradicionalmente realizado pela ANAJURE, tem parceria com a Chancelaria da Universidade Presbiteriana Mackenzie e contar\u00e1 com a presen\u00e7a de juristas nacionais e internacionais; l\u00edderes pol\u00edticos e religiosos, al\u00e9m da presen\u00e7a de professores e estudantes de Direito de todo pa\u00eds. Ao fim, ser\u00e3o disponibilizados certificados online para os participantes.<\/p>\n<p>Garantir a inscri\u00e7\u00e3o com anteced\u00eancia ser\u00e1 importante, visto que as vagas s\u00e3o limitadas. Inscreva-se gratuitamente clicando\u00a0<a href=\"http:\/\/anajure.org.br\/congressostj\/\" target=\"_blank\" rel=\"noopener\">AQUI<\/a>.<\/p>\n","protected":false},"excerpt":{"rendered":"<p>O 6\u00ba Congresso Internacional sobre Liberdades Civis Fundamentais contar\u00e1 com a participa\u00e7\u00e3o especial da Ministra Damares Alves, que dirige atualmente o Minist\u00e9rio da Mulher, da Fam\u00edlia e dos Direitos Humanos, no dia 08 de maio, no Superior Tribunal de Justi\u00e7a (STJ), em Bras\u00edlia. Contribuindo de forma primorosa para o aprofundamento dos debates, a Ministra compor\u00e1 [&hellip;]<\/p>\n","protected":false},"author":2,"featured_media":2987,"comment_status":"open","ping_status":"open","sticky":false,"template":"","format":"standard","meta":[],"categories":[2,6,4],"tags":[],"_links":{"self":[{"href":"https:\/\/dgospel.com.br\/portal\/index.php\/wp-json\/wp\/v2\/posts\/2986"}],"collection":[{"href":"https:\/\/dgospel.com.br\/portal\/index.php\/wp-json\/wp\/v2\/posts"}],"about":[{"href":"https:\/\/dgospel.com.br\/portal\/index.php\/wp-json\/wp\/v2\/types\/post"}],"author":[{"embeddable":true,"href":"https:\/\/dgospel.com.br\/portal\/index.php\/wp-json\/wp\/v2\/users\/2"}],"replies":[{"embeddable":true,"href":"https:\/\/dgospel.com.br\/portal\/index.php\/wp-json\/wp\/v2\/comments?post=2986"}],"version-history":[{"count":1,"href":"https:\/\/dgospel.com.br\/portal\/index.php\/wp-json\/wp\/v2\/posts\/2986\/revisions"}],"predecessor-version":[{"id":2988,"href":"https:\/\/dgospel.com.br\/portal\/index.php\/wp-json\/wp\/v2\/posts\/2986\/revisions\/2988"}],"wp:featuredmedia":[{"embeddable":true,"href":"https:\/\/dgospel.com.br\/portal\/index.php\/wp-json\/wp\/v2\/media\/2987"}],"wp:attachment":[{"href":"https:\/\/dgospel.com.br\/portal\/index.php\/wp-json\/wp\/v2\/media?parent=2986"}],"wp:term":[{"taxonomy":"category","embeddable":true,"href":"https:\/\/dgospel.com.br\/portal\/index.php\/wp-json\/wp\/v2\/categories?post=2986"},{"taxonomy":"post_tag","embeddable":true,"href":"https:\/\/dgospel.com.br\/portal\/index.php\/wp-json\/wp\/v2\/tags?post=2986"}],"curies":[{"name":"wp","href":"https:\/\/api.w.org\/{rel}","templated":true}]}}