{"id":3004,"date":"2019-04-22T15:09:15","date_gmt":"2019-04-22T18:09:15","guid":{"rendered":"http:\/\/dgospel.com.br\/portal\/?p=3004"},"modified":"2019-04-22T15:09:15","modified_gmt":"2019-04-22T18:09:15","slug":"homem-e-preso-pela-pm-suspeito-de-furtar-celulares-dentro-do-hospital-geral-de-palmas","status":"publish","type":"post","link":"https:\/\/dgospel.com.br\/portal\/index.php\/2019\/04\/22\/homem-e-preso-pela-pm-suspeito-de-furtar-celulares-dentro-do-hospital-geral-de-palmas\/","title":{"rendered":"Homem \u00e9 preso pela PM suspeito de furtar celulares dentro do Hospital Geral de Palmas"},"content":{"rendered":"<p>Um homem foi preso na manh\u00e3 desta segunda-feira (22) suspeito de furtar dois celulares dentro do Hospital Geral de Palmas (HGP). A pris\u00e3o foi feita pela Pol\u00edcia Militar. Conforme a Secretaria de Seguran\u00e7a P\u00fablica (SSP), o suspeito foi levado para a central de flagrantes e uma v\u00edtima compareceu na delegacia para registrar a ocorr\u00eancia.<\/p>\n<p>A pris\u00e3o ocorreu ap\u00f3s a unidade receber refor\u00e7o permanente da Pol\u00edcia Militar por causa das den\u00fancias de inseguran\u00e7a na unidade.<\/p>\n<p>Na semana passada,\u00a0funcion\u00e1rios e pacientes denunciaram que furtos e roubos estavam\u00a0acontecendo nos corredores porque a unidade n\u00e3o tinha vigias.<\/p>\n<p>&#8220;Eu fui abordada por um bandido por volta das duas da manh\u00e3. Ele entrou enquanto eu tava dormindo, pegou o celular da minha m\u00e3e quando tava carregando. E quando eu me assustei ele j\u00e1 tava saindo pela porta&#8221;, contou uma enfermeira que pediu para n\u00e3o ser identificada.<\/p>\n<p>Pacientes tamb\u00e9m reclamam da situa\u00e7\u00e3o. &#8220;Ontem mesmo a pol\u00edcia teve aqui. Acharam um ladr\u00e3ozinho de celular aqui. J\u00e1 achou um cara com uma faca aqui e n\u00e3o levaram o cara n\u00e3o&#8221;, contou um paciente na \u00e9poca.<\/p>\n<p>Ainda na semana passada a Secretaria Estadual da Sa\u00fade disse que estava procurando alternativas para melhorar a seguran\u00e7a na unidade e que a Pol\u00edcia Civil vai apurar todos os casos denunciados.<\/p>\n<p>&nbsp;<\/p>\n<p>Fonte:\u00a0G1 Tocantins<\/p>\n","protected":false},"excerpt":{"rendered":"<p>Um homem foi preso na manh\u00e3 desta segunda-feira (22) suspeito de furtar dois celulares dentro do Hospital Geral de Palmas (HGP). A pris\u00e3o foi feita pela Pol\u00edcia Militar. Conforme a Secretaria de Seguran\u00e7a P\u00fablica (SSP), o suspeito foi levado para a central de flagrantes e uma v\u00edtima compareceu na delegacia para registrar a ocorr\u00eancia. A [&hellip;]<\/p>\n","protected":false},"author":2,"featured_media":3005,"comment_status":"open","ping_status":"open","sticky":false,"template":"","format":"standard","meta":[],"categories":[2,3],"tags":[],"_links":{"self":[{"href":"https:\/\/dgospel.com.br\/portal\/index.php\/wp-json\/wp\/v2\/posts\/3004"}],"collection":[{"href":"https:\/\/dgospel.com.br\/portal\/index.php\/wp-json\/wp\/v2\/posts"}],"about":[{"href":"https:\/\/dgospel.com.br\/portal\/index.php\/wp-json\/wp\/v2\/types\/post"}],"author":[{"embeddable":true,"href":"https:\/\/dgospel.com.br\/portal\/index.php\/wp-json\/wp\/v2\/users\/2"}],"replies":[{"embeddable":true,"href":"https:\/\/dgospel.com.br\/portal\/index.php\/wp-json\/wp\/v2\/comments?post=3004"}],"version-history":[{"count":1,"href":"https:\/\/dgospel.com.br\/portal\/index.php\/wp-json\/wp\/v2\/posts\/3004\/revisions"}],"predecessor-version":[{"id":3006,"href":"https:\/\/dgospel.com.br\/portal\/index.php\/wp-json\/wp\/v2\/posts\/3004\/revisions\/3006"}],"wp:featuredmedia":[{"embeddable":true,"href":"https:\/\/dgospel.com.br\/portal\/index.php\/wp-json\/wp\/v2\/media\/3005"}],"wp:attachment":[{"href":"https:\/\/dgospel.com.br\/portal\/index.php\/wp-json\/wp\/v2\/media?parent=3004"}],"wp:term":[{"taxonomy":"category","embeddable":true,"href":"https:\/\/dgospel.com.br\/portal\/index.php\/wp-json\/wp\/v2\/categories?post=3004"},{"taxonomy":"post_tag","embeddable":true,"href":"https:\/\/dgospel.com.br\/portal\/index.php\/wp-json\/wp\/v2\/tags?post=3004"}],"curies":[{"name":"wp","href":"https:\/\/api.w.org\/{rel}","templated":true}]}}