{"id":3017,"date":"2019-04-29T09:46:32","date_gmt":"2019-04-29T12:46:32","guid":{"rendered":"http:\/\/dgospel.com.br\/portal\/?p=3017"},"modified":"2019-04-29T09:46:32","modified_gmt":"2019-04-29T12:46:32","slug":"tocantins-participa-de-debate-nacional-para-construcao-de-agenda-estrategica-de-gestao-das-aguas","status":"publish","type":"post","link":"https:\/\/dgospel.com.br\/portal\/index.php\/2019\/04\/29\/tocantins-participa-de-debate-nacional-para-construcao-de-agenda-estrategica-de-gestao-das-aguas\/","title":{"rendered":"Tocantins participa de debate nacional para constru\u00e7\u00e3o de agenda estrat\u00e9gica de gest\u00e3o das \u00e1guas"},"content":{"rendered":"<p>Cumprindo\u00a0agenda ambiental em Bras\u00edlia (DF), o secret\u00e1rio estadual do Meio Ambiente e Recursos H\u00eddricos, Leonardo Cintra, esteve presente na programa\u00e7\u00e3o do\u00a0\u2018Encontro Nacional de Gest\u00e3o de Recursos H\u00eddricos e Revitaliza\u00e7\u00e3o de Bacias Hidrogr\u00e1ficas\u2019, realizado na quinta e sexta-feira, 25 e 26 de abril. O evento reuniu\u00a0representantes do Governo Federal, \u00f3rg\u00e3os estaduais gestores de recursos h\u00eddricos,\u00a0organismos internacionais e comit\u00eas de bacias hidrogr\u00e1ficas, al\u00e9m de secret\u00e1rios de estados, e tem como objetivo\u00a0unir contribui\u00e7\u00f5es para a constru\u00e7\u00e3o de uma agenda estrat\u00e9gica voltada \u00e0 gest\u00e3o das \u00e1guas no pa\u00eds.<\/p>\n<p>O encontro\u00a0organizado pela Secretaria Nacional de Seguran\u00e7a H\u00eddrica do Minist\u00e9rio do Desenvolvimento Regional \u00a0\u00e9 parte do processo de elabora\u00e7\u00e3o do novo Plano Nacional de Recursos H\u00eddricos, que ter\u00e1 validade a partir de 2021, e da formula\u00e7\u00e3o do Programa Nacional de Revitaliza\u00e7\u00e3o de Bacias Hidrogr\u00e1ficas. A elabora\u00e7\u00e3o do\u00a0programa, inclusive,\u00a0foi classificada como urgente pelo\u00a0ministro do Desenvolvimento Regional, Gustavo Canuto, que abriu oficialmente o evento.<\/p>\n<p>&#8220;O Tocantins \u00e9 abundante em recursos h\u00eddricos, estamos situados sobre a bacia Tocantins-Araguaia, uma das maiores do mundo. Por isso o Governo do Estado faz uma gest\u00e3o de recursos h\u00eddricos respons\u00e1vel, com planejamento estrat\u00e9gico e di\u00e1logo com os setores. Os comit\u00eas de bacia hidrogr\u00e1fica s\u00e3o fundamentais nesse processo, por serem o nosso canal direto com os usu\u00e1rios da \u00e1gua&#8221;, ressaltou o titular da Semarh,\u00a0Leonardo Cintra, destacando ainda que &#8220;O governador Mauro Carlesse tem esse cuidado especial com rela\u00e7\u00e3o \u00e0 \u00e1gua, com um uso sustent\u00e1vel para garantirmos a disponibilidade\u00a0desse recurso t\u00e3o importante\u00a0em quantidade e qualidade&#8221;. (Com informa\u00e7\u00f5es da Assessoria de Comunica\u00e7\u00e3o do Minist\u00e9rio do Desenvolvimento Regional)<\/p>\n","protected":false},"excerpt":{"rendered":"<p>Cumprindo\u00a0agenda ambiental em Bras\u00edlia (DF), o secret\u00e1rio estadual do Meio Ambiente e Recursos H\u00eddricos, Leonardo Cintra, esteve presente na programa\u00e7\u00e3o do\u00a0\u2018Encontro Nacional de Gest\u00e3o de Recursos H\u00eddricos e Revitaliza\u00e7\u00e3o de Bacias Hidrogr\u00e1ficas\u2019, realizado na quinta e sexta-feira, 25 e 26 de abril. O evento reuniu\u00a0representantes do Governo Federal, \u00f3rg\u00e3os estaduais gestores de recursos h\u00eddricos,\u00a0organismos internacionais [&hellip;]<\/p>\n","protected":false},"author":2,"featured_media":3018,"comment_status":"open","ping_status":"open","sticky":false,"template":"","format":"standard","meta":[],"categories":[2,4],"tags":[],"_links":{"self":[{"href":"https:\/\/dgospel.com.br\/portal\/index.php\/wp-json\/wp\/v2\/posts\/3017"}],"collection":[{"href":"https:\/\/dgospel.com.br\/portal\/index.php\/wp-json\/wp\/v2\/posts"}],"about":[{"href":"https:\/\/dgospel.com.br\/portal\/index.php\/wp-json\/wp\/v2\/types\/post"}],"author":[{"embeddable":true,"href":"https:\/\/dgospel.com.br\/portal\/index.php\/wp-json\/wp\/v2\/users\/2"}],"replies":[{"embeddable":true,"href":"https:\/\/dgospel.com.br\/portal\/index.php\/wp-json\/wp\/v2\/comments?post=3017"}],"version-history":[{"count":1,"href":"https:\/\/dgospel.com.br\/portal\/index.php\/wp-json\/wp\/v2\/posts\/3017\/revisions"}],"predecessor-version":[{"id":3019,"href":"https:\/\/dgospel.com.br\/portal\/index.php\/wp-json\/wp\/v2\/posts\/3017\/revisions\/3019"}],"wp:featuredmedia":[{"embeddable":true,"href":"https:\/\/dgospel.com.br\/portal\/index.php\/wp-json\/wp\/v2\/media\/3018"}],"wp:attachment":[{"href":"https:\/\/dgospel.com.br\/portal\/index.php\/wp-json\/wp\/v2\/media?parent=3017"}],"wp:term":[{"taxonomy":"category","embeddable":true,"href":"https:\/\/dgospel.com.br\/portal\/index.php\/wp-json\/wp\/v2\/categories?post=3017"},{"taxonomy":"post_tag","embeddable":true,"href":"https:\/\/dgospel.com.br\/portal\/index.php\/wp-json\/wp\/v2\/tags?post=3017"}],"curies":[{"name":"wp","href":"https:\/\/api.w.org\/{rel}","templated":true}]}}