{"id":3020,"date":"2019-04-29T09:51:22","date_gmt":"2019-04-29T12:51:22","guid":{"rendered":"http:\/\/dgospel.com.br\/portal\/?p=3020"},"modified":"2019-04-29T09:51:22","modified_gmt":"2019-04-29T12:51:22","slug":"cantor-angolano-vatimona-phetra-rejeita-feiticaria-e-usa-seu-talento-para-louvar-a-deus","status":"publish","type":"post","link":"https:\/\/dgospel.com.br\/portal\/index.php\/2019\/04\/29\/cantor-angolano-vatimona-phetra-rejeita-feiticaria-e-usa-seu-talento-para-louvar-a-deus\/","title":{"rendered":"Cantor angolano Vatimona Phetra rejeita feiti\u00e7aria e usa seu talento para louvar a Deus"},"content":{"rendered":"<p>Nascido em Angola, na \u00c1frica, Vatimona Phetra \u00e9 filho de camponeses e comerciantes. Morava em uma pequena cidade no interior da prov\u00edncia Uige, chamada Maquela do Zombo, localizada ao norte do pa\u00eds. Apesar de todas as dificuldades, sua m\u00e3e nunca deixou de acreditar em Deus.<\/p>\n<p>Convertido ao cristianismo ainda jovem, Vatimona rejeitou a pr\u00e1tica de <strong><a href=\"https:\/\/guiame.com.br\/gospel\/missoes-acao-social\/garoto-sobrevive-sacrificio-em-ritual-de-feiticaria-e-declara-deus-me-ajudou.html\">feiti\u00e7aria<\/a><\/strong>, considerada &#8220;comum&#8221; entre os rapazes da sua idade, na \u00e9poca. Com sua fam\u00edlia sobreviveu a guerra civil e resistiu a dura fome.<\/p>\n<p>Na adolesc\u00eancia, Vatimona Phetra foi visitado pelo Esp\u00edrito Santo, que lhe concedeu uma voz linda e poderosa. Canta desde os 13 anos e nunca deixou de servir a Deus. Exerce seu minist\u00e9rio no Brasil h\u00e1 14 anos, desde que chegou ao pa\u00eds, levando seu louvor prof\u00e9tico, cantando e pregando onde ministra.<\/p>\n<p>Compositor nato e autor de belas can\u00e7\u00f5es, Vatimona tem ministrado em igrejas pelo Brasil, onde revela a todos o Deus de milagres que o trouxe da \u00c1frica.<\/p>\n<p>Vatimona Phetra inicia agora um novo tempo em seu minist\u00e9rio. Assinou seu contrato com a Nova Fase Distribui\u00e7\u00e3o nesta quarta-feira (16). O momento tamb\u00e9m foi marcado com o an\u00fancio de uma novidade, o lan\u00e7amento de seu novo single para maio.<\/p>\n<p>FONTE: GUIAME, COM INFORMA\u00c7\u00d5ES DA NOVA FASE<\/p>\n<p>&nbsp;<\/p>\n","protected":false},"excerpt":{"rendered":"<p>Nascido em Angola, na \u00c1frica, Vatimona Phetra \u00e9 filho de camponeses e comerciantes. Morava em uma pequena cidade no interior da prov\u00edncia Uige, chamada Maquela do Zombo, localizada ao norte do pa\u00eds. Apesar de todas as dificuldades, sua m\u00e3e nunca deixou de acreditar em Deus. Convertido ao cristianismo ainda jovem, Vatimona rejeitou a pr\u00e1tica de [&hellip;]<\/p>\n","protected":false},"author":2,"featured_media":3021,"comment_status":"open","ping_status":"open","sticky":false,"template":"","format":"standard","meta":[],"categories":[2,10,5],"tags":[],"_links":{"self":[{"href":"https:\/\/dgospel.com.br\/portal\/index.php\/wp-json\/wp\/v2\/posts\/3020"}],"collection":[{"href":"https:\/\/dgospel.com.br\/portal\/index.php\/wp-json\/wp\/v2\/posts"}],"about":[{"href":"https:\/\/dgospel.com.br\/portal\/index.php\/wp-json\/wp\/v2\/types\/post"}],"author":[{"embeddable":true,"href":"https:\/\/dgospel.com.br\/portal\/index.php\/wp-json\/wp\/v2\/users\/2"}],"replies":[{"embeddable":true,"href":"https:\/\/dgospel.com.br\/portal\/index.php\/wp-json\/wp\/v2\/comments?post=3020"}],"version-history":[{"count":1,"href":"https:\/\/dgospel.com.br\/portal\/index.php\/wp-json\/wp\/v2\/posts\/3020\/revisions"}],"predecessor-version":[{"id":3022,"href":"https:\/\/dgospel.com.br\/portal\/index.php\/wp-json\/wp\/v2\/posts\/3020\/revisions\/3022"}],"wp:featuredmedia":[{"embeddable":true,"href":"https:\/\/dgospel.com.br\/portal\/index.php\/wp-json\/wp\/v2\/media\/3021"}],"wp:attachment":[{"href":"https:\/\/dgospel.com.br\/portal\/index.php\/wp-json\/wp\/v2\/media?parent=3020"}],"wp:term":[{"taxonomy":"category","embeddable":true,"href":"https:\/\/dgospel.com.br\/portal\/index.php\/wp-json\/wp\/v2\/categories?post=3020"},{"taxonomy":"post_tag","embeddable":true,"href":"https:\/\/dgospel.com.br\/portal\/index.php\/wp-json\/wp\/v2\/tags?post=3020"}],"curies":[{"name":"wp","href":"https:\/\/api.w.org\/{rel}","templated":true}]}}