{"id":3027,"date":"2019-04-29T16:48:59","date_gmt":"2019-04-29T19:48:59","guid":{"rendered":"http:\/\/dgospel.com.br\/portal\/?p=3027"},"modified":"2019-04-29T16:48:59","modified_gmt":"2019-04-29T19:48:59","slug":"senami-lanca-campanha-dia-nacional-de-missoes-2019","status":"publish","type":"post","link":"https:\/\/dgospel.com.br\/portal\/index.php\/2019\/04\/29\/senami-lanca-campanha-dia-nacional-de-missoes-2019\/","title":{"rendered":"Senami lan\u00e7a campanha Dia Nacional de Miss\u00f5es 2019"},"content":{"rendered":"<p>A Secretaria Nacional de Miss\u00f5es (Senami), lan\u00e7ou a campanha pelo Dia Nacional de Miss\u00f5es durante a 44\u00aa Assembleia Geral Ordin\u00e1ria da Conven\u00e7\u00e3o Geral das Assembleias de Deus no Brasil (CGADB), que ocorreu em Bel\u00e9m do Par\u00e1, ber\u00e7o do Movimento Pentecostal brasileiro, entre os dias 8 e 12 de abril.<\/p>\n<p>A edi\u00e7\u00e3o 2019 come\u00e7ou um pouco mais cedo. De acordo com o secret\u00e1rio executivo da Senami, pastor Saulo Greg\u00f3rio de Lima, o motivo \u00e9 para dar tempo e oportunidade aos membros e igrejas de se conscientizarem e contribu\u00edrem.<\/p>\n<p>Na campanha pelo Dia Nacional de Miss\u00f5es de 2018, a Senami recebeu 118 pedidos de apoio, dos quais 30 foram selecionados. Ao todo, foram arrecadados R$ 150 mil que foram repartidos em doa\u00e7\u00f5es de R$ 5 mil para cada projeto. O Dia Nacional de Miss\u00f5es em 2019 est\u00e1 agendado para o dia 8 de setembro.<\/p>\n<p>Outra a\u00e7\u00e3o promovida pela Senami durante a 44\u00aa AGO foi a entrega simb\u00f3lica dos cheques aos representantes das secretarias que tiveram projetos contemplados na Campanha do ano passado. O ato solene aconteceu em uma reuni\u00e3o realizada no audit\u00f3rio da Igreja Assembleia de Deus em Ananindeua, Bel\u00e9m (PA), ao lado do pr\u00e9dio da Conven\u00e7\u00e3o Estadual das Igrejas Assembleias de Deus no Estado do Par\u00e1 (Comieadepa). Cerca de 26 representantes da Senami de v\u00e1rios estados participaram do evento. Houve ainda um caf\u00e9 especial, cuidadosamente preparado pelo pastor Jos\u00e9 Monteiro, sua esposa irm\u00e3 F\u00e1tima, al\u00e9m de volunt\u00e1rios da igreja local.<\/p>\n","protected":false},"excerpt":{"rendered":"<p>A Secretaria Nacional de Miss\u00f5es (Senami), lan\u00e7ou a campanha pelo Dia Nacional de Miss\u00f5es durante a 44\u00aa Assembleia Geral Ordin\u00e1ria da Conven\u00e7\u00e3o Geral das Assembleias de Deus no Brasil (CGADB), que ocorreu em Bel\u00e9m do Par\u00e1, ber\u00e7o do Movimento Pentecostal brasileiro, entre os dias 8 e 12 de abril. A edi\u00e7\u00e3o 2019 come\u00e7ou um pouco [&hellip;]<\/p>\n","protected":false},"author":2,"featured_media":3028,"comment_status":"open","ping_status":"open","sticky":false,"template":"","format":"standard","meta":[],"categories":[2,5,6],"tags":[],"_links":{"self":[{"href":"https:\/\/dgospel.com.br\/portal\/index.php\/wp-json\/wp\/v2\/posts\/3027"}],"collection":[{"href":"https:\/\/dgospel.com.br\/portal\/index.php\/wp-json\/wp\/v2\/posts"}],"about":[{"href":"https:\/\/dgospel.com.br\/portal\/index.php\/wp-json\/wp\/v2\/types\/post"}],"author":[{"embeddable":true,"href":"https:\/\/dgospel.com.br\/portal\/index.php\/wp-json\/wp\/v2\/users\/2"}],"replies":[{"embeddable":true,"href":"https:\/\/dgospel.com.br\/portal\/index.php\/wp-json\/wp\/v2\/comments?post=3027"}],"version-history":[{"count":1,"href":"https:\/\/dgospel.com.br\/portal\/index.php\/wp-json\/wp\/v2\/posts\/3027\/revisions"}],"predecessor-version":[{"id":3029,"href":"https:\/\/dgospel.com.br\/portal\/index.php\/wp-json\/wp\/v2\/posts\/3027\/revisions\/3029"}],"wp:featuredmedia":[{"embeddable":true,"href":"https:\/\/dgospel.com.br\/portal\/index.php\/wp-json\/wp\/v2\/media\/3028"}],"wp:attachment":[{"href":"https:\/\/dgospel.com.br\/portal\/index.php\/wp-json\/wp\/v2\/media?parent=3027"}],"wp:term":[{"taxonomy":"category","embeddable":true,"href":"https:\/\/dgospel.com.br\/portal\/index.php\/wp-json\/wp\/v2\/categories?post=3027"},{"taxonomy":"post_tag","embeddable":true,"href":"https:\/\/dgospel.com.br\/portal\/index.php\/wp-json\/wp\/v2\/tags?post=3027"}],"curies":[{"name":"wp","href":"https:\/\/api.w.org\/{rel}","templated":true}]}}