{"id":3030,"date":"2019-04-29T16:57:32","date_gmt":"2019-04-29T19:57:32","guid":{"rendered":"http:\/\/dgospel.com.br\/portal\/?p=3030"},"modified":"2019-04-29T16:57:32","modified_gmt":"2019-04-29T19:57:32","slug":"novos-membros-tomam-posse-no-conselho-de-administracao-do-igeprev","status":"publish","type":"post","link":"https:\/\/dgospel.com.br\/portal\/index.php\/2019\/04\/29\/novos-membros-tomam-posse-no-conselho-de-administracao-do-igeprev\/","title":{"rendered":"Novos membros tomam posse no Conselho de Administra\u00e7\u00e3o do Igeprev"},"content":{"rendered":"<p>Tomaram posse nesta segunda-feira, 29, os novos conselheiros representantes do Poder Executivo no Conselho de Administra\u00e7\u00e3o do Instituto de Gest\u00e3o Previdenci\u00e1ria do Tocantins (Igeprev). A solenidade ocorreu durante a primeira reuni\u00e3o ordin\u00e1ria do conselho, que teve como pauta principal a posse dos novos membros.<\/p>\n<p>O conselho tem a miss\u00e3o de deliberar sobre as principais diretrizes que devem ser observadas pela Diretoria Executiva do instituto. O Conselho de Administra\u00e7\u00e3o \u00e9 formado por 14 membros titulares e respectivos suplentes, sendo sete representantes do Governo e sete representantes dos segurados.<\/p>\n<p>Os representantes do Governo s\u00e3o escolhidos pelo governador e os representantes dos diversos segmentos dos servidores p\u00fablicos do Estado s\u00e3o escolhidos pelas entidades representativas. O Conselho de Administra\u00e7\u00e3o tem o mandato de dois anos, e a atual gest\u00e3o encerra em 9 de maio de 2019.<\/p>\n<p>A reuni\u00e3o foi presidida pelo conselheiro Joaidson Torres de Albuquerque, que na ocasi\u00e3o substituiu o presidente titular, Sandro Henrique Armando, secret\u00e1rio de Estado da Fazenda e do Planejamento. \u201cO conselho supervisiona as atividades desenvolvidas pela administra\u00e7\u00e3o e orienta em situa\u00e7\u00f5es de ajuste que devem ser feitos, norteando na quest\u00e3o de modifica\u00e7\u00f5es legislativas e outras situa\u00e7\u00f5es mais\u201d, afirmou.<\/p>\n<p>Para o presidente do Igeprev, Sharlles Fernando Bezerra Lima, \u00e9 importante a a\u00e7\u00e3o dos \u00f3rg\u00e3os fiscalizadores, garantindo o investimento correto dos recursos. \u201cAs diversas decis\u00f5es do instituto s\u00e3o submetidas ao conselho, para que ele possa analisar e acompanhar sua realiza\u00e7\u00e3o\u201d, ressaltou. O instituto \u00e9 respons\u00e1vel pelo pagamento de benef\u00edcios previdenci\u00e1rios de servidores efetivos do Estado.<\/p>\n<p>Ap\u00f3s a posse dos novos membros do Conselho de Administra\u00e7\u00e3o, foi marcada uma reuni\u00e3o extraordin\u00e1ria, para o pr\u00f3ximo dia 6 de maio, objetivando a aprova\u00e7\u00e3o da Pol\u00edtica de Investimentos de 2019, mediante a representa\u00e7\u00e3o dos resultados alcan\u00e7ados com a aplica\u00e7\u00e3o da pol\u00edtica anterior.<\/p>\n<p><strong>Conselheiros<\/strong><\/p>\n<p>O Conselho de Administra\u00e7\u00e3o \u00e9 formado por 14 membros titulares e seus respectivos suplentes. O conselho ser\u00e1 presidido pelo secret\u00e1rio de Estado da Fazenda e do Planejamento, Sandro Henrique Armando.<\/p>\n<p>Tomaram posse tamb\u00e9m o secret\u00e1rio de Estado da Administra\u00e7\u00e3o, Edson Cabral; o secret\u00e1rio-chefe da Casa Civil, Rolf Vidal; o secret\u00e1rio executivo do Planejamento, Sergislei Silva; a secret\u00e1ria executiva da Governadoria, Juliana Passarin; o secret\u00e1rio-chefe da Controladoria Geral do Estado, Senivan Almeida; o presidente do Instituto de Terras do Tocantins, Divino Jos\u00e9 Ribeiro.<\/p>\n<p>S\u00e3o membros titulares, o representante dos servidores ativos e inativos do Poder Executivo, Manoel Pereira de Miranda; o representante dos servidores ativos e inativos do Poder Judici\u00e1rio, Milton Lamenha de Siqueira; a representante dos servidores ativos e inativos do Poder Legislativo, Jos\u00e9 Pedro Alves de Brito; o representante dos servidores ativos e inativos do Minist\u00e9rio P\u00fablico, Jos\u00e9 Messias de Oliveira; a representante dos servidores ativos e inativos do Tribunal de Contas, Paulo Guimar\u00e3es e Silva; o representante dos militares ativos e inativos, Joaidson Torres de Albuquerque; e o representante dos servidores ativos e inativos da Defensoria P\u00fablica do Estado do Tocantins, Richards Bruno Rodrigues.<\/p>\n","protected":false},"excerpt":{"rendered":"<p>Tomaram posse nesta segunda-feira, 29, os novos conselheiros representantes do Poder Executivo no Conselho de Administra\u00e7\u00e3o do Instituto de Gest\u00e3o Previdenci\u00e1ria do Tocantins (Igeprev). A solenidade ocorreu durante a primeira reuni\u00e3o ordin\u00e1ria do conselho, que teve como pauta principal a posse dos novos membros. O conselho tem a miss\u00e3o de deliberar sobre as principais diretrizes [&hellip;]<\/p>\n","protected":false},"author":2,"featured_media":3031,"comment_status":"open","ping_status":"open","sticky":false,"template":"","format":"standard","meta":[],"categories":[2,4],"tags":[],"_links":{"self":[{"href":"https:\/\/dgospel.com.br\/portal\/index.php\/wp-json\/wp\/v2\/posts\/3030"}],"collection":[{"href":"https:\/\/dgospel.com.br\/portal\/index.php\/wp-json\/wp\/v2\/posts"}],"about":[{"href":"https:\/\/dgospel.com.br\/portal\/index.php\/wp-json\/wp\/v2\/types\/post"}],"author":[{"embeddable":true,"href":"https:\/\/dgospel.com.br\/portal\/index.php\/wp-json\/wp\/v2\/users\/2"}],"replies":[{"embeddable":true,"href":"https:\/\/dgospel.com.br\/portal\/index.php\/wp-json\/wp\/v2\/comments?post=3030"}],"version-history":[{"count":1,"href":"https:\/\/dgospel.com.br\/portal\/index.php\/wp-json\/wp\/v2\/posts\/3030\/revisions"}],"predecessor-version":[{"id":3032,"href":"https:\/\/dgospel.com.br\/portal\/index.php\/wp-json\/wp\/v2\/posts\/3030\/revisions\/3032"}],"wp:featuredmedia":[{"embeddable":true,"href":"https:\/\/dgospel.com.br\/portal\/index.php\/wp-json\/wp\/v2\/media\/3031"}],"wp:attachment":[{"href":"https:\/\/dgospel.com.br\/portal\/index.php\/wp-json\/wp\/v2\/media?parent=3030"}],"wp:term":[{"taxonomy":"category","embeddable":true,"href":"https:\/\/dgospel.com.br\/portal\/index.php\/wp-json\/wp\/v2\/categories?post=3030"},{"taxonomy":"post_tag","embeddable":true,"href":"https:\/\/dgospel.com.br\/portal\/index.php\/wp-json\/wp\/v2\/tags?post=3030"}],"curies":[{"name":"wp","href":"https:\/\/api.w.org\/{rel}","templated":true}]}}