{"id":3033,"date":"2019-04-30T08:48:17","date_gmt":"2019-04-30T11:48:17","guid":{"rendered":"http:\/\/dgospel.com.br\/portal\/?p=3033"},"modified":"2019-04-30T08:48:17","modified_gmt":"2019-04-30T11:48:17","slug":"mauro-carlesse-assina-ordem-de-servico-para-pavimentacao-de-rodovia-entre-tocantins-e-goias","status":"publish","type":"post","link":"https:\/\/dgospel.com.br\/portal\/index.php\/2019\/04\/30\/mauro-carlesse-assina-ordem-de-servico-para-pavimentacao-de-rodovia-entre-tocantins-e-goias\/","title":{"rendered":"Mauro Carlesse assina Ordem de Servi\u00e7o para pavimenta\u00e7\u00e3o de rodovia entre Tocantins e Goi\u00e1s"},"content":{"rendered":"<p>A popula\u00e7\u00e3o de Palmeir\u00f3polis e regi\u00e3o comemorou a assinatura da Ordem de Servi\u00e7o para a pavimenta\u00e7\u00e3o asf\u00e1ltica do trecho da rodovia TO-141, que liga a cidade \u00e0 divisa do Estado de Goi\u00e1s nas proximidades da cidade de Mina\u00e7\u00fa.\u202c<\/p>\n<p>\u202aA assinatura do documento foi realizada pelo governador Mauro Carlesse no in\u00edcio da tarde desta segunda-feira, 29, no centro de Conviv\u00eancias dos Idosos. \u201c Vamos andar o Tocantins inteiro dando Ordem de Servi\u00e7os e reiniciando obras com objetivo de buscar a retomada do desenvolvimento\u201d, frisou o gestor \u202c<\/p>\n<p>\u202aA obra agradou a popula\u00e7\u00e3o da cidade. \u201cNosso povo sempre almejou esse asfalto e a cada dia que passava, todos pensavam que era um sonho imposs\u00edvel. Agora, a gente come\u00e7a a enxergar esse grande benef\u00edcio para a nossa cidade que vai facilitar o escoamento da nossa produ\u00e7\u00e3o e\u00a0fomentar a economia de Palmeir\u00f3polis\u201d, disse Jos\u00e9 Pedro Arantes, empres\u00e1rio local.\u202c<\/p>\n<p>\u202aSegundo o secret\u00e1rio de Estado da Infraestrutura, Cidades e Habita\u00e7\u00e3o, Renato Assun\u00e7\u00e3o, no trecho, ser\u00e3o realizadas obras de terraplenagem, drenagem pluvial, obras de arte, sinaliza\u00e7\u00e3o horizontal e vertical e pavimenta\u00e7\u00e3o asf\u00e1ltica de 26,25 km da rodovia. \u201cO valor do contrato \u00e9 de \u00a0R$ 24 milh\u00f5es, a estrada ter\u00e1 pista simples de m\u00e3o dupla com faixa de dom\u00ednio de 80 metros e o prazo de entrega da obra para 540 dias\u201d, disse.\u202c<\/p>\n<p>O presidente da Ag\u00eancia Tocantinense de Transportes e Obras (Ageto), Virg\u00edlio Azevedo, disse que os\u202a recursos s\u00e3o provenientes do Projeto de Desenvolvimento Regional Integrado e Sustent\u00e1vel (PDRIS), na modalidade pavimenta\u00e7\u00e3o, financiada pelo Banco Mundial. \u201cEssa \u00e9 uma das obras do pacote de medidas que busca fortalecer o sistema log\u00edstico do estado\u201d, informou.\u202c<\/p>\n<p><strong>\u202aApertado da Hora\u202c<\/strong><\/p>\n<p>\u202aO governador aproveitou a oportunidade para visitar o trecho da Rodovia TO-387, conhecido como\u00a0<em>Apertado da Hora<\/em>.\u202c<\/p>\n<p>\u202aConforme a engenheira da Ag\u00eancia Tocantinense de Transportes e Obras (Ageto), Sindy Lara,\u00a0no local est\u00e1 sendo realizada a mudan\u00e7a do tra\u00e7ado da pista o que possibilitar\u00e1 o aumento do raio da curva. \u201cEstamos realizando obras em 900 metros da rodovia, com o objetivo de melhorar o tra\u00e7ado e garantir mais seguran\u00e7a e trafegabilidade aos motoristas\u201d, disse.\u202c<\/p>\n<p>\u202aO prefeito de Palmeir\u00f3polis, F\u00e1bio Vaz, destacou a import\u00e2ncia da obra para a cidade. \u201cEsse foi um presente que ganhamos, essa obra trar\u00e1 a dignidade que se espera do servi\u00e7o p\u00fablico, isso \u00e9 compromisso como bem-estar e com as vidas das fam\u00edlias de Palmeir\u00f3polis, e por isso vamos festejar\u201d, disse.\u202c<\/p>\n<p>\u202aO governador explicou que a interven\u00e7\u00e3o na rodovia faz parte de um pacote de compromissos feitos para beneficiar a regi\u00e3o. \u201cQuando vim aqui, ainda como deputado, falei que \u00edamos mudar essa curva, nem que fosse com picaretas. E, agora, como governador, estou tendo o prazer de fazer essa obra, isso \u00e9 compromisso cumprido\u201d, finalizou o gestor.<\/p>\n","protected":false},"excerpt":{"rendered":"<p>A popula\u00e7\u00e3o de Palmeir\u00f3polis e regi\u00e3o comemorou a assinatura da Ordem de Servi\u00e7o para a pavimenta\u00e7\u00e3o asf\u00e1ltica do trecho da rodovia TO-141, que liga a cidade \u00e0 divisa do Estado de Goi\u00e1s nas proximidades da cidade de Mina\u00e7\u00fa.\u202c \u202aA assinatura do documento foi realizada pelo governador Mauro Carlesse no in\u00edcio da tarde desta segunda-feira, 29, [&hellip;]<\/p>\n","protected":false},"author":2,"featured_media":3034,"comment_status":"open","ping_status":"open","sticky":false,"template":"","format":"standard","meta":[],"categories":[2,4],"tags":[],"_links":{"self":[{"href":"https:\/\/dgospel.com.br\/portal\/index.php\/wp-json\/wp\/v2\/posts\/3033"}],"collection":[{"href":"https:\/\/dgospel.com.br\/portal\/index.php\/wp-json\/wp\/v2\/posts"}],"about":[{"href":"https:\/\/dgospel.com.br\/portal\/index.php\/wp-json\/wp\/v2\/types\/post"}],"author":[{"embeddable":true,"href":"https:\/\/dgospel.com.br\/portal\/index.php\/wp-json\/wp\/v2\/users\/2"}],"replies":[{"embeddable":true,"href":"https:\/\/dgospel.com.br\/portal\/index.php\/wp-json\/wp\/v2\/comments?post=3033"}],"version-history":[{"count":1,"href":"https:\/\/dgospel.com.br\/portal\/index.php\/wp-json\/wp\/v2\/posts\/3033\/revisions"}],"predecessor-version":[{"id":3035,"href":"https:\/\/dgospel.com.br\/portal\/index.php\/wp-json\/wp\/v2\/posts\/3033\/revisions\/3035"}],"wp:featuredmedia":[{"embeddable":true,"href":"https:\/\/dgospel.com.br\/portal\/index.php\/wp-json\/wp\/v2\/media\/3034"}],"wp:attachment":[{"href":"https:\/\/dgospel.com.br\/portal\/index.php\/wp-json\/wp\/v2\/media?parent=3033"}],"wp:term":[{"taxonomy":"category","embeddable":true,"href":"https:\/\/dgospel.com.br\/portal\/index.php\/wp-json\/wp\/v2\/categories?post=3033"},{"taxonomy":"post_tag","embeddable":true,"href":"https:\/\/dgospel.com.br\/portal\/index.php\/wp-json\/wp\/v2\/tags?post=3033"}],"curies":[{"name":"wp","href":"https:\/\/api.w.org\/{rel}","templated":true}]}}