{"id":3042,"date":"2019-04-30T16:13:43","date_gmt":"2019-04-30T19:13:43","guid":{"rendered":"http:\/\/dgospel.com.br\/portal\/?p=3042"},"modified":"2019-04-30T16:13:43","modified_gmt":"2019-04-30T19:13:43","slug":"comissao-da-reforma-da-previdencia-deve-votar-parecer-em-junho","status":"publish","type":"post","link":"https:\/\/dgospel.com.br\/portal\/index.php\/2019\/04\/30\/comissao-da-reforma-da-previdencia-deve-votar-parecer-em-junho\/","title":{"rendered":"Comiss\u00e3o da reforma da Previd\u00eancia deve votar parecer em junho"},"content":{"rendered":"<p>O presidente da comiss\u00e3o especial que vai analisar o m\u00e9rito da reforma da Previd\u00eancia na C\u00e2mara, deputado Marcelo Ramos (PR-AM), disse hoje (30) que espera votar o parecer da Proposta de Emenda \u00e0 Constitui\u00e7\u00e3o (PEC 6\/2019) em junho no colegiado.<\/p>\n<p>\u201cSe o presidente [da C\u00e2mara] Rodrigo Maia quer votar em plen\u00e1rio em julho, vamos montar o cronograma para terminar os trabalhos em junho. Acontece que existem elementos nesse debate que independem de n\u00f3s porque a elabora\u00e7\u00e3o do relat\u00f3rio na comiss\u00e3o tem que ser coordenada com a constru\u00e7\u00e3o de maioria no plen\u00e1rio. N\u00e3o adianta votar na comiss\u00e3o sem ter a garantia de maioria no plen\u00e1rio\u201d, afirmou o parlamentar.<\/p>\n<p>Ramos reuniu-se nesta ter\u00e7a-feira com o relator da reforma da Previd\u00eancia, deputado Samuel Moreira (PSDB-SP), e com o vice-presidente da comiss\u00e3o, deputado Silvio Costa Filho (PRB-PE), para definir um cronograma de trabalho que ser\u00e1 apresentado aos coordenadores de bancada dos partidos que comp\u00f5em o colegiado na pr\u00f3xima ter\u00e7a-feira (7), quando ocorrer\u00e1 a primeira reuni\u00e3o ordin\u00e1ria da comiss\u00e3o.<\/p>\n<p>O plano de trabalho prev\u00ea que 11 audi\u00eancias p\u00fablicas sejam feitas em maio ouvindo a equipe econ\u00f4mica e representantes de corpora\u00e7\u00f5es e da sociedade civil. A ideia de Ramos \u00e9 reunir a comiss\u00e3o tr\u00eas vezes por semana.<\/p>\n<p>\u201cTemos 130 sugest\u00f5es de pessoas a serem ouvidas em requerimentos protocolados. A nossa ideia \u00e9 ouvir entre 50 e 60 pessoas, as mais variadas, desde representantes de associa\u00e7\u00f5es corporativas, t\u00e9cnicos, acad\u00eamicos, a equipe do Minist\u00e9rio da Economia\u201d, informou.<\/p>\n<p>Marcelo Ramos tamb\u00e9m se reuniu hoje com os deputados da oposi\u00e7\u00e3o, J\u00falio Delgado (PSB-MG), e Orlando Silva (PCdoB-SP). \u201cA reuni\u00e3o com o presidente da comiss\u00e3o especial foi muito produtiva. Tratamos de procedimentos. Ficou claro que n\u00e3o vai ter a\u00e7odamento. Existe um regimento que vale para o governo e para a oposi\u00e7\u00e3o. \u00c9 necess\u00e1rio um debate aprofundado\u201d, afirmou Orlando Silva.<\/p>\n<p>Para J\u00falio Delgado, \u00e9 pouco prov\u00e1vel votar o parecer na comiss\u00e3o especial em junho. \u201cN\u00e3o precisa ter pressa para fazer a coisa direito que acolha o sentimento de todos os brasileiros\u201d, disse Delgado. \u201cO mais importante \u00e9 ter algo atingindo aqueles que s\u00e3o privilegiados.\u201d<\/p>\n<p>O presidente, vice-presidente e relator da comiss\u00e3o especial da reforma da Previd\u00eancia tamb\u00e9m se re\u00fanem esta tarde com secret\u00e1rio especial da Previd\u00eancia e Trabalho, Rog\u00e9rio Marinho, no Minist\u00e9rio da Economia.<\/p>\n<p><strong>Fonte: Receita Federal<\/strong><\/p>\n","protected":false},"excerpt":{"rendered":"<p>O presidente da comiss\u00e3o especial que vai analisar o m\u00e9rito da reforma da Previd\u00eancia na C\u00e2mara, deputado Marcelo Ramos (PR-AM), disse hoje (30) que espera votar o parecer da Proposta de Emenda \u00e0 Constitui\u00e7\u00e3o (PEC 6\/2019) em junho no colegiado. \u201cSe o presidente [da C\u00e2mara] Rodrigo Maia quer votar em plen\u00e1rio em julho, vamos montar [&hellip;]<\/p>\n","protected":false},"author":2,"featured_media":3043,"comment_status":"open","ping_status":"open","sticky":false,"template":"","format":"standard","meta":[],"categories":[2,6,4],"tags":[],"_links":{"self":[{"href":"https:\/\/dgospel.com.br\/portal\/index.php\/wp-json\/wp\/v2\/posts\/3042"}],"collection":[{"href":"https:\/\/dgospel.com.br\/portal\/index.php\/wp-json\/wp\/v2\/posts"}],"about":[{"href":"https:\/\/dgospel.com.br\/portal\/index.php\/wp-json\/wp\/v2\/types\/post"}],"author":[{"embeddable":true,"href":"https:\/\/dgospel.com.br\/portal\/index.php\/wp-json\/wp\/v2\/users\/2"}],"replies":[{"embeddable":true,"href":"https:\/\/dgospel.com.br\/portal\/index.php\/wp-json\/wp\/v2\/comments?post=3042"}],"version-history":[{"count":1,"href":"https:\/\/dgospel.com.br\/portal\/index.php\/wp-json\/wp\/v2\/posts\/3042\/revisions"}],"predecessor-version":[{"id":3044,"href":"https:\/\/dgospel.com.br\/portal\/index.php\/wp-json\/wp\/v2\/posts\/3042\/revisions\/3044"}],"wp:featuredmedia":[{"embeddable":true,"href":"https:\/\/dgospel.com.br\/portal\/index.php\/wp-json\/wp\/v2\/media\/3043"}],"wp:attachment":[{"href":"https:\/\/dgospel.com.br\/portal\/index.php\/wp-json\/wp\/v2\/media?parent=3042"}],"wp:term":[{"taxonomy":"category","embeddable":true,"href":"https:\/\/dgospel.com.br\/portal\/index.php\/wp-json\/wp\/v2\/categories?post=3042"},{"taxonomy":"post_tag","embeddable":true,"href":"https:\/\/dgospel.com.br\/portal\/index.php\/wp-json\/wp\/v2\/tags?post=3042"}],"curies":[{"name":"wp","href":"https:\/\/api.w.org\/{rel}","templated":true}]}}