{"id":3045,"date":"2019-04-30T16:20:16","date_gmt":"2019-04-30T19:20:16","guid":{"rendered":"http:\/\/dgospel.com.br\/portal\/?p=3045"},"modified":"2019-04-30T16:20:16","modified_gmt":"2019-04-30T19:20:16","slug":"carlesse-abre-consulta-publica-do-ppa-2020-2023-e-destaca-importancia-da-participacao-da-sociedade","status":"publish","type":"post","link":"https:\/\/dgospel.com.br\/portal\/index.php\/2019\/04\/30\/carlesse-abre-consulta-publica-do-ppa-2020-2023-e-destaca-importancia-da-participacao-da-sociedade\/","title":{"rendered":"Carlesse abre consulta p\u00fablica do PPA 2020-2023 e destaca import\u00e2ncia da participa\u00e7\u00e3o da sociedade"},"content":{"rendered":"<p>O governador do Estado do Tocantins, Mauro Carlesse, abriu oficialmente, nesta ter\u00e7a-feira, 30, em Gurupi, no sul do Estado, os trabalhos do Plano Plurianual (PPA 2020-2023), que tem como tema \u201cO Tocantins que Desejamos&#8221;. O evento foi realizado no Centro de Ensino M\u00e9dio Bom Jesus e contou com\u00a0a presen\u00e7a de prefeitos e representantes de 17 munic\u00edpios da regi\u00e3o. Essa foi a primeira das 10 consultas p\u00fablicas que o Governo do Estado vai realizar em todas as regi\u00f5es do Tocantins para ouvir os representantes e o povo de cada lugar para elabora\u00e7\u00e3o das pol\u00edticas p\u00fablicas para os pr\u00f3ximos quatros anos.<\/p>\n<p>&#8220;Essa consulta p\u00fablica \u00e9 muito importante, porque estamos aqui para discutir com a sociedade dessa regi\u00e3o o planejamento para os pr\u00f3ximos quatro anos do Estado. Queremos ouvir, discutir e debater as prioridades com os prefeitos, vereadores, deputados e a comunidade em geral o futuro do nosso Tocantins&#8221;, pontuou o governador, lembrando que a consulta constitui a oportunidade para a popula\u00e7\u00e3o e seus representantes apontem as suas necessidades para que sejam atendidas pelo Governo do Estado.<\/p>\n<p>O prefeito Laurez Moreira, de Gurupi, disse que essas consultas s\u00e3o fundamentais para o planejamento das futuras a\u00e7\u00f5es que ser\u00e3o implementadas nos pr\u00f3ximos anos.&#8221;O planejamento \u00e9 fundamental e foi uma honra para n\u00f3s sediarmos essa primeira consulta p\u00fablica&#8221;. O vice governador Vanderlei Barbosa ressaltou a import\u00e2ncia das consultas e lembrou que a iniciativa n\u00e3o pode\u00a0 ser apenas o cumprimento de um dispositivo constitucional. &#8220;\u00c9 uma oportunidade para delinearmos a linha de atua\u00e7\u00e3o nas \u00e1reas de sa\u00fade, da educa\u00e7\u00e3o, da infraestrutura, seguran\u00e7a e outras&#8221;.<\/p>\n<p>O secret\u00e1rio de Estado do Planejamento e Or\u00e7amento, Sandro Henrique, disse que a partir dessa audi\u00eancia come\u00e7a de fato a elabora\u00e7\u00e3o do or\u00e7amento. &#8221; \u00c9 aqui que come\u00e7amos de fato o planejamento para a administra\u00e7\u00e3o do Estado. \u00c9 o momento de prepararmos as nossas estrat\u00e9gias para promovermos as a\u00e7\u00f5es e atendermos as demandas e para o desenvolvimento do Tocantins&#8221;.<\/p>\n<p><strong>Plano Plurianual<\/strong><\/p>\n<p>O Plano Plurianual \u00e9 um instrumento de planejamento de m\u00e9dio prazo, previsto na constitui\u00e7\u00e3o, que estabelece de forma regionalizada, as diretrizes, objetivos e metas da administra\u00e7\u00e3o p\u00fablica estadual para as despesas de capital, custeio e outras dela decorrentes aos programas de\u00a0 dura\u00e7\u00e3o continuada para o desenvolvimento do Estado. (art. 80 da constitui\u00e7\u00e3o estadual). O resultado dessas consultas vai resultar no planejamento de como ser\u00e3o executadas as pol\u00edticas p\u00fablicas para alcan\u00e7ar os resultados esperados ao bem-estar da popula\u00e7\u00e3o nas diversas \u00e1reas.<\/p>\n<p>As consultas p\u00fablicas e elabora\u00e7\u00e3o do PPA est\u00e3o sob a coordena\u00e7\u00e3o da Secretaria da Fazenda e Planejamento, mas conta tamb\u00e9m com a participa\u00e7\u00e3o dos demais \u00f3rg\u00e3os do Governo do Estado, Assembleia Legislativa, Judici\u00e1rio, Minist\u00e9rio P\u00fablico, Defensoria P\u00fablica e sociedade civil. Essa primeira edi\u00e7\u00e3o contou com representantes das cidades de Cariri do Tocantins, Crix\u00e1s, Duer\u00e9, Figueir\u00f3polis, Formoso do Araguaia, Ja\u00fa do Tocantins, Peixe, Sandol\u00e2ndia, Alian\u00e7a do Tocantins, Alvorada, Aragua\u00e7u, Gurupi, Palmeir\u00f3polis, Santa Rita do Tocantins, S\u00e3o Salvador, Sucupira e Talism\u00e3, que integram a regional Sul.<\/p>\n<p><strong>Regionais<\/strong><\/p>\n<p>Al\u00e9m da regional Sul\/Gurupi, as consultas p\u00fablicas v\u00e3o acontecer nas regionais Sudeste\/Taguatinga e Natividade, Bico do Papagaio\/Augustin\u00f3polis, Norte\/Aragua\u00edna, Noroeste\/Colinas, Nordeste\/Pedro Afonso, Oeste\/Para\u00edso, Jalap\u00e3o e Central\/Palmas. Assim, a popula\u00e7\u00e3o dos 139 munic\u00edpios do Estado ser\u00e1 ouvida como forma de aprimorar e qualificar a gest\u00e3o p\u00fablica.<\/p>\n<p>Trinta e quatro t\u00e9cnicos das diversas secretarias e \u00f3rg\u00e3os do Governo v\u00e3o orientar os participantes sobre a formata\u00e7\u00e3o dos desafios que devem ser superados no Tocantins nos pr\u00f3ximos quatro anos, observando seis eixos tem\u00e1ticos da gest\u00e3o: sa\u00fade; seguran\u00e7a, assist\u00eancia social e direitos humanos; gest\u00e3o p\u00fablica, participa\u00e7\u00e3o social e di\u00e1logo federativo; estrutura produtiva e sustentabilidade ambiental; educa\u00e7\u00e3o e ci\u00eancia, tecnologia e inova\u00e7\u00e3o; e infraestrutura, desenvolvimento regional e redes de cidades.<\/p>\n<p>A pr\u00f3xima consulta p\u00fablica para elabora\u00e7\u00e3o do PPA 2020\/2023 ser\u00e1 realizada no dia 15 de maio, em Taguatinga, regi\u00e3o sudeste do Estado.<\/p>\n","protected":false},"excerpt":{"rendered":"<p>O governador do Estado do Tocantins, Mauro Carlesse, abriu oficialmente, nesta ter\u00e7a-feira, 30, em Gurupi, no sul do Estado, os trabalhos do Plano Plurianual (PPA 2020-2023), que tem como tema \u201cO Tocantins que Desejamos&#8221;. O evento foi realizado no Centro de Ensino M\u00e9dio Bom Jesus e contou com\u00a0a presen\u00e7a de prefeitos e representantes de 17 [&hellip;]<\/p>\n","protected":false},"author":2,"featured_media":3046,"comment_status":"open","ping_status":"open","sticky":false,"template":"","format":"standard","meta":[],"categories":[2,4],"tags":[],"_links":{"self":[{"href":"https:\/\/dgospel.com.br\/portal\/index.php\/wp-json\/wp\/v2\/posts\/3045"}],"collection":[{"href":"https:\/\/dgospel.com.br\/portal\/index.php\/wp-json\/wp\/v2\/posts"}],"about":[{"href":"https:\/\/dgospel.com.br\/portal\/index.php\/wp-json\/wp\/v2\/types\/post"}],"author":[{"embeddable":true,"href":"https:\/\/dgospel.com.br\/portal\/index.php\/wp-json\/wp\/v2\/users\/2"}],"replies":[{"embeddable":true,"href":"https:\/\/dgospel.com.br\/portal\/index.php\/wp-json\/wp\/v2\/comments?post=3045"}],"version-history":[{"count":1,"href":"https:\/\/dgospel.com.br\/portal\/index.php\/wp-json\/wp\/v2\/posts\/3045\/revisions"}],"predecessor-version":[{"id":3047,"href":"https:\/\/dgospel.com.br\/portal\/index.php\/wp-json\/wp\/v2\/posts\/3045\/revisions\/3047"}],"wp:featuredmedia":[{"embeddable":true,"href":"https:\/\/dgospel.com.br\/portal\/index.php\/wp-json\/wp\/v2\/media\/3046"}],"wp:attachment":[{"href":"https:\/\/dgospel.com.br\/portal\/index.php\/wp-json\/wp\/v2\/media?parent=3045"}],"wp:term":[{"taxonomy":"category","embeddable":true,"href":"https:\/\/dgospel.com.br\/portal\/index.php\/wp-json\/wp\/v2\/categories?post=3045"},{"taxonomy":"post_tag","embeddable":true,"href":"https:\/\/dgospel.com.br\/portal\/index.php\/wp-json\/wp\/v2\/tags?post=3045"}],"curies":[{"name":"wp","href":"https:\/\/api.w.org\/{rel}","templated":true}]}}