{"id":3060,"date":"2019-05-02T09:12:30","date_gmt":"2019-05-02T12:12:30","guid":{"rendered":"http:\/\/dgospel.com.br\/portal\/?p=3060"},"modified":"2019-05-02T09:12:30","modified_gmt":"2019-05-02T12:12:30","slug":"educacao-e-prioridade-da-regiao-sul-para-integrar-plano-plurianual-2020-2023","status":"publish","type":"post","link":"https:\/\/dgospel.com.br\/portal\/index.php\/2019\/05\/02\/educacao-e-prioridade-da-regiao-sul-para-integrar-plano-plurianual-2020-2023\/","title":{"rendered":"Educa\u00e7\u00e3o \u00e9 prioridade da regi\u00e3o sul para integrar Plano Plurianual 2020-2023"},"content":{"rendered":"<p>Em processos de discuss\u00f5es e vota\u00e7\u00f5es democr\u00e1ticos, representantes de 17 munic\u00edpios decidiram, nesta ter\u00e7a-feira, 30, que a educa\u00e7\u00e3o \u00e9 a prioridade m\u00e1xima para a regi\u00e3o sul do Tocantins. A decis\u00e3o do eixo tem\u00e1tico que vai integrar o Plano Plurianual (PPA) 2020-2023 foi votada durante a Consulta P\u00fablica que o Governo do Tocantins realizou, por meio da Secretaria da Fazenda e Planejamento (Sefaz), em Gurupi, no Centro de Ensino M\u00e9dio Bom Jesus, para oportunizar a manifesta\u00e7\u00e3o da sociedade sobre as a\u00e7\u00f5es priorit\u00e1rias que devem ser executadas nos pr\u00f3ximos quatro anos.<\/p>\n<p>A proposta vencedora, v\u00e1lida para todos os munic\u00edpios, teve como foco construir, adequar e aparelhar as unidades escolares de forma a integrar os ambientes f\u00edsicos, garantir a acessibilidade, o transporte escolar, climatiza\u00e7\u00e3o, cobertura das quadras poliesportivas,\u00a0laborat\u00f3rios de ci\u00eancias, inform\u00e1tica, parques infantis, refeit\u00f3rios, bibliotecas, brinquedotecas, videotecas, aparelhos de som, multim\u00eddias e mobili\u00e1rios adequados, bem como valoriza\u00e7\u00e3o dos profissionais da educa\u00e7\u00e3o, promovendo ensino de qualidade. &#8220;A educa\u00e7\u00e3o \u00e9 o que nos move. Pessoas educadas, esclarecidas, t\u00eam mais condi\u00e7\u00f5es de conhecer e reivindicar seus direitos em todas as \u00e1reas&#8221;, destacou Paulo S\u00e9rgio, representante do munic\u00edpio de Figueir\u00f3polis, que integrou o grupo de defesa da \u00e1rea.<\/p>\n<p>\u201cA prioriza\u00e7\u00e3o de um tema n\u00e3o descarta a possibilidade\u00a0dos demais serem contemplados no PPA\u201d, observou o superindentente de Planejamento da Sefaz, Romildo Dias, ressaltando que prioridade \u00e9 tudo aquilo que precisa ser resolvido em primeiro lugar e que, no entendimento da sociedade, vai impactar nas demais \u00e1reas.<\/p>\n<p>Integram a regi\u00e3o sul do Estado os munic\u00edpios de\u00a0Cariri do Tocantins,\u00a0Crix\u00e1s, Duer\u00e9, Figueir\u00f3polis, Formoso do Araguaia, Ja\u00fa do Tocantins, Peixe, Sandol\u00e2ndia, Alian\u00e7a do Tocantins, Alvorada, Aragua\u00e7u, Gurupi, Palmeir\u00f3polis, Santa Rita do Tocantins, S\u00e3o Salvador, Sucupira e Talism\u00e3, e foram os primeiros a participar\u00a0das consultas p\u00fablicas que visam estimular a participa\u00e7\u00e3o e aproximar a sociedade da gest\u00e3o p\u00fablica.<\/p>\n<p>As prioridades definidas pelas regi\u00f5es ir\u00e3o compor o PPA 2020-2023 \u2013 o Tocantins que desejamos, ou seja, o principal documento que vai dizer o que o gest\u00e3o p\u00fablica dever\u00e1 implementar nos pr\u00f3ximos quatro anos para o bem-estar da popula\u00e7\u00e3o.<\/p>\n<p>Lembrando que o principal compromisso do Governo do Tocantins \u00e9 realizar a\u00e7\u00f5es de impacto positivo nos munic\u00edpios e que resultem no bem-estar do povo, o secret\u00e1rio da Fazenda e Planejamento, Sandro Henrique Cardoso, ressaltou que a elabora\u00e7\u00e3o do PPA com\u00a0a participa\u00e7\u00e3o da sociedade \u00e9 o come\u00e7o\u00a0do Tocantins que desejamos, com as a\u00e7\u00f5es que retratam as necessidades do povo.<\/p>\n<p>Outras nove consultas p\u00fablicas ser\u00e3o realizadas para que todos os 139 munic\u00edpios tenham oportunidade de participar da elabora\u00e7\u00e3o do Plano Plurianual. As pr\u00f3ximas ser\u00e3o na regi\u00e3o sudeste, ainda neste m\u00eas de maio, em Taguatinga, no\u00a0dia 15,\u00a0 e Natividade, no dia 17.<\/p>\n<p>Em todas as consultas p\u00fablicas, a sociedade discute a\u00e7\u00f5es previstas em seis eixos tem\u00e1ticos: sa\u00fade; seguran\u00e7a, assist\u00eancia social e direitos humanos; gest\u00e3o p\u00fablica, participa\u00e7\u00e3o social e di\u00e1logo federativo; estrutura produtiva e sustentabilidade ambiental; educa\u00e7\u00e3o, ci\u00eancia, tecnologia e inova\u00e7\u00e3o; e infraestrutura, desenvolvimento regional e redes de cidades. E, no final, em plan\u00e1ria geral, prioriza a\u00e7\u00f5es de um deles.<\/p>\n","protected":false},"excerpt":{"rendered":"<p>Em processos de discuss\u00f5es e vota\u00e7\u00f5es democr\u00e1ticos, representantes de 17 munic\u00edpios decidiram, nesta ter\u00e7a-feira, 30, que a educa\u00e7\u00e3o \u00e9 a prioridade m\u00e1xima para a regi\u00e3o sul do Tocantins. A decis\u00e3o do eixo tem\u00e1tico que vai integrar o Plano Plurianual (PPA) 2020-2023 foi votada durante a Consulta P\u00fablica que o Governo do Tocantins realizou, por meio [&hellip;]<\/p>\n","protected":false},"author":2,"featured_media":3061,"comment_status":"open","ping_status":"open","sticky":false,"template":"","format":"standard","meta":[],"categories":[2,4],"tags":[],"_links":{"self":[{"href":"https:\/\/dgospel.com.br\/portal\/index.php\/wp-json\/wp\/v2\/posts\/3060"}],"collection":[{"href":"https:\/\/dgospel.com.br\/portal\/index.php\/wp-json\/wp\/v2\/posts"}],"about":[{"href":"https:\/\/dgospel.com.br\/portal\/index.php\/wp-json\/wp\/v2\/types\/post"}],"author":[{"embeddable":true,"href":"https:\/\/dgospel.com.br\/portal\/index.php\/wp-json\/wp\/v2\/users\/2"}],"replies":[{"embeddable":true,"href":"https:\/\/dgospel.com.br\/portal\/index.php\/wp-json\/wp\/v2\/comments?post=3060"}],"version-history":[{"count":1,"href":"https:\/\/dgospel.com.br\/portal\/index.php\/wp-json\/wp\/v2\/posts\/3060\/revisions"}],"predecessor-version":[{"id":3062,"href":"https:\/\/dgospel.com.br\/portal\/index.php\/wp-json\/wp\/v2\/posts\/3060\/revisions\/3062"}],"wp:featuredmedia":[{"embeddable":true,"href":"https:\/\/dgospel.com.br\/portal\/index.php\/wp-json\/wp\/v2\/media\/3061"}],"wp:attachment":[{"href":"https:\/\/dgospel.com.br\/portal\/index.php\/wp-json\/wp\/v2\/media?parent=3060"}],"wp:term":[{"taxonomy":"category","embeddable":true,"href":"https:\/\/dgospel.com.br\/portal\/index.php\/wp-json\/wp\/v2\/categories?post=3060"},{"taxonomy":"post_tag","embeddable":true,"href":"https:\/\/dgospel.com.br\/portal\/index.php\/wp-json\/wp\/v2\/tags?post=3060"}],"curies":[{"name":"wp","href":"https:\/\/api.w.org\/{rel}","templated":true}]}}