{"id":3064,"date":"2019-05-06T17:59:40","date_gmt":"2019-05-06T20:59:40","guid":{"rendered":"http:\/\/dgospel.com.br\/portal\/?p=3064"},"modified":"2019-05-06T17:59:40","modified_gmt":"2019-05-06T20:59:40","slug":"potencial-do-tocantins-para-producao-de-energia-solar-e-destaque-na-agrotins-2019","status":"publish","type":"post","link":"https:\/\/dgospel.com.br\/portal\/index.php\/2019\/05\/06\/potencial-do-tocantins-para-producao-de-energia-solar-e-destaque-na-agrotins-2019\/","title":{"rendered":"Potencial do Tocantins para produ\u00e7\u00e3o de energia solar \u00e9 destaque na Agrotins 2019"},"content":{"rendered":"<p>A maior feira agrotecnol\u00f3gica da Regi\u00e3o Norte do Brasil, Agrotins 2019, come\u00e7a nesta ter\u00e7a-feira, 7, e a Secretaria de Estado do Meio Ambiente e Recursos H\u00eddricos (Semarh) est\u00e1 com tudo pronto para receber os visitantes em seu novo espa\u00e7o. O evento acontece at\u00e9 s\u00e1bado, 11, no Centro Agrotecnol\u00f3gico de Palmas.<\/p>\n<p>O potencial do Tocantins para gera\u00e7\u00e3o de energia fotovoltaica ser\u00e1 um dos destaques do espa\u00e7o da Semarh na Agrotins. Os indicadores do Atlas Solarim\u00e9trico do Tocantins, que informam precisamente o n\u00edvel de radia\u00e7\u00e3o solar em todo o territ\u00f3rio estadual, ser\u00e3o demonstrados em um grande mapa para que visitantes e investidores consigam visualizar a potencialidade do Estado para produ\u00e7\u00e3o de energia solar. Al\u00e9m disso, o estande conta com exposi\u00e7\u00e3o de placas e outros componentes geradores de energia fotovoltaica, que integram a 2\u00aa\u00a0Feira de Tecnologia Solar do Tocantins (ExpoSolar).<\/p>\n<p>No espa\u00e7o dedicado \u00e0 Semarh, ser\u00e3o expostos\u00a0projetos e a\u00e7\u00f5es executados pela pasta nas diversas \u00e1reas de atua\u00e7\u00e3o \u2013 Recursos H\u00eddricos, Desenvolvimento Sustent\u00e1vel, Pol\u00edticas Ambientais e Instrumentos de Gest\u00e3o Ambiental. Os diretores e t\u00e9cnicos da secretaria estar\u00e3o \u00e0 disposi\u00e7\u00e3o de profissionais da \u00e1rea, gestores municipais, estudantes e p\u00fablico em geral para prestar servi\u00e7os, tirar d\u00favidas e debater parcerias.<\/p>\n<p><strong>Meio Ambiente e Agricultura<\/strong><\/p>\n<p>Os projetos da Semarh vinculados \u00e0 agricultura ganham destaque, como o\u00a0<em>Projeto Campo Sustent\u00e1vel<\/em>. Elaborado para garantir a redu\u00e7\u00e3o do desmatamento aliado ao desenvolvimento das cadeias produtivas sustent\u00e1veis, o projeto de Integra\u00e7\u00e3o Lavoura-Pecu\u00e1ria-Floresta (ILPF) est\u00e1 sendo executado em uma fazenda-piloto em Brejinho de Nazar\u00e9. No local, foi plantado sorgo forrageiro para silagem intercalado com linhas de mudas de \u00e1rvores nativas \u2013 ip\u00ea amarelo, ip\u00ea roxo, caju e baru. O objetivo \u00e9 colher resultados de melhoria de solo, recupera\u00e7\u00e3o de \u00e1reas degradadas e apresentar, aos produtores, uma alternativa de gera\u00e7\u00e3o de renda sustent\u00e1vel.<\/p>\n<p>Outra a\u00e7\u00e3o que beneficiou o homem do campo, especialmente os pequenos agricultores familiares que sofrem com a estiagem em determinados per\u00edodos do ano, \u00e9 o projeto\u00a0<em>Barraginhas<\/em>. O projeto foi executado em 17 munic\u00edpios da regi\u00e3o sudeste do Estado e foi expandido para munic\u00edpios do centro-sul em 2018. Na a\u00e7\u00e3o,\u00a0foram constru\u00eddas 3.564 mil barragens (bacias de infiltra\u00e7\u00e3o da \u00e1gua da chuva) na zona rural dos munic\u00edpios, para conter\u00a0enxurradas, eros\u00f5es e assoreamento dos corpos d\u2019\u00e1gua, bem como recarregar o len\u00e7ol fre\u00e1tico e, a m\u00e9dio e longo prazo, perenizar os pequenos rios e ribeir\u00f5es das sub-bacias da regi\u00e3o. Essa \u00e1gua \u00e9 utilizada pelo pequeno agricultor para o trato dos animais e a irriga\u00e7\u00e3o de pequenas hortas, al\u00e9m de possibilitar a cria\u00e7\u00e3o de alevinos.<\/p>\n<p><strong>Servi\u00e7o<\/strong><\/p>\n<p>O propriet\u00e1rio rural que ainda n\u00e3o fez o Cadastro Ambiental Rural (CAR) ter\u00e1 oportunidade de faz\u00ea-lo durante a Agrotins 2019 no estande da Semarh. O servi\u00e7o \u00e9 oferecido gratuitamente a propriet\u00e1rios de at\u00e9 tr\u00eas m\u00f3dulos fiscais ou 320 hectares. O cadastro \u00e9 obrigat\u00f3rio para todos os im\u00f3veis rurais e o propriet\u00e1rio que n\u00e3o efetuar sua ades\u00e3o pode ficar sem acesso a financiamento rural, impedido de solicitar licen\u00e7a ambiental e de fazer qualquer negocia\u00e7\u00e3o com a propriedade.<\/p>\n<p><strong>Educa\u00e7\u00e3o Ambiental<\/strong><\/p>\n<p>Em uma a\u00e7\u00e3o de coopera\u00e7\u00e3o entre a Semarh e os prestadores de servi\u00e7o, o Projeto de Coleta de \u00d3leo de Cozinha Usado ser\u00e1 mais uma vez colocado em pr\u00e1tica durante a Agrotins. Ser\u00e3o distribu\u00eddos 15 gal\u00f5es para lanchonetes e restaurantes que funcionam durante a feira para coleta do \u00f3leo usado, evitando seu descarte incorreto. O projeto \u00e9 executado desde 2017 pela Semarh e o \u00f3leo coletado \u00e9 reutilizado na produ\u00e7\u00e3o de sab\u00e3o em parceria com institui\u00e7\u00f5es beneficentes.<\/p>\n<p><strong>VRQs<\/strong><\/p>\n<p>O Projeto para Determina\u00e7\u00e3o dos Valores de Refer\u00eancia de Qualidade do Solo (VRQs) tamb\u00e9m ser\u00e1 exposto na feira. Iniciado em 2016, ele \u00e9 executado pela Semarh em parceria com a Embrapa, a Universidade Estadual do Tocantins (Unitins), a Universidade Federal do Tocantins (UFT) e o Instituto Natureza do Tocantins (Naturatins). Os VRQs s\u00e3o valores orientadores quanto \u00e0 presen\u00e7a de subst\u00e2ncias qu\u00edmicas no solo, com o objetivo de estabelecer diretrizes para o gerenciamento ambiental de \u00e1reas contaminadas por essas subst\u00e2ncias em decorr\u00eancia de atividades antr\u00f3picas.<\/p>\n<p><strong>Curral Ecol\u00f3gico<\/strong><\/p>\n<p>Pelo terceiro ano consecutivo, a Semarh leva \u00e0 Agrotins um prot\u00f3tipo de alternativa sustent\u00e1vel para o criador de animais \u2013 o curral ecol\u00f3gico. Feito com pneus usados, que substituem as pranchas de madeira, o curral tem baixo custo de constru\u00e7\u00e3o pela facilidade de encontrar a mat\u00e9ria-prima. Outra vantagem \u00e9 o bem-estar do animal, j\u00e1 que as pranchas de pneus amortecem o impacto dos animais e evitam que fiquem estressados. Para o meio ambiente, o benef\u00edcio \u00e9 enorme, afinal, o pneu, que leva em torno de 600 anos para se decompor, ganha uma nova utiliza\u00e7\u00e3o. O manual de fabrica\u00e7\u00e3o do curral ecol\u00f3gico estar\u00e1 dispon\u00edvel no site da Semarh para o propriet\u00e1rio rural que se interessar em reproduzi-lo.<\/p>\n<p><strong>Naturatins<\/strong><\/p>\n<p>Como parceiro da Semarh, o Naturatins integra o espa\u00e7o dedicado \u00e0s a\u00e7\u00f5es ambientais do Governo do Tocantins na Agrotins. T\u00e9cnicos do instituto v\u00e3o orientar os visitantes sobre licenciamento, emiss\u00e3o da carteira de pesca, ICMS Ecol\u00f3gico, Protocolo do Fogo, entre outros projetos.<\/p>\n","protected":false},"excerpt":{"rendered":"<p>A maior feira agrotecnol\u00f3gica da Regi\u00e3o Norte do Brasil, Agrotins 2019, come\u00e7a nesta ter\u00e7a-feira, 7, e a Secretaria de Estado do Meio Ambiente e Recursos H\u00eddricos (Semarh) est\u00e1 com tudo pronto para receber os visitantes em seu novo espa\u00e7o. O evento acontece at\u00e9 s\u00e1bado, 11, no Centro Agrotecnol\u00f3gico de Palmas. O potencial do Tocantins para [&hellip;]<\/p>\n","protected":false},"author":2,"featured_media":3065,"comment_status":"open","ping_status":"open","sticky":false,"template":"","format":"standard","meta":[],"categories":[2,3],"tags":[],"_links":{"self":[{"href":"https:\/\/dgospel.com.br\/portal\/index.php\/wp-json\/wp\/v2\/posts\/3064"}],"collection":[{"href":"https:\/\/dgospel.com.br\/portal\/index.php\/wp-json\/wp\/v2\/posts"}],"about":[{"href":"https:\/\/dgospel.com.br\/portal\/index.php\/wp-json\/wp\/v2\/types\/post"}],"author":[{"embeddable":true,"href":"https:\/\/dgospel.com.br\/portal\/index.php\/wp-json\/wp\/v2\/users\/2"}],"replies":[{"embeddable":true,"href":"https:\/\/dgospel.com.br\/portal\/index.php\/wp-json\/wp\/v2\/comments?post=3064"}],"version-history":[{"count":1,"href":"https:\/\/dgospel.com.br\/portal\/index.php\/wp-json\/wp\/v2\/posts\/3064\/revisions"}],"predecessor-version":[{"id":3066,"href":"https:\/\/dgospel.com.br\/portal\/index.php\/wp-json\/wp\/v2\/posts\/3064\/revisions\/3066"}],"wp:featuredmedia":[{"embeddable":true,"href":"https:\/\/dgospel.com.br\/portal\/index.php\/wp-json\/wp\/v2\/media\/3065"}],"wp:attachment":[{"href":"https:\/\/dgospel.com.br\/portal\/index.php\/wp-json\/wp\/v2\/media?parent=3064"}],"wp:term":[{"taxonomy":"category","embeddable":true,"href":"https:\/\/dgospel.com.br\/portal\/index.php\/wp-json\/wp\/v2\/categories?post=3064"},{"taxonomy":"post_tag","embeddable":true,"href":"https:\/\/dgospel.com.br\/portal\/index.php\/wp-json\/wp\/v2\/tags?post=3064"}],"curies":[{"name":"wp","href":"https:\/\/api.w.org\/{rel}","templated":true}]}}