{"id":3067,"date":"2019-05-06T18:10:28","date_gmt":"2019-05-06T21:10:28","guid":{"rendered":"http:\/\/dgospel.com.br\/portal\/?p=3067"},"modified":"2019-05-06T18:10:28","modified_gmt":"2019-05-06T21:10:28","slug":"cidadania-e-justica-articula-acoes-com-rede-de-protecao-dos-direitos-da-crianca-e-do-adolescente","status":"publish","type":"post","link":"https:\/\/dgospel.com.br\/portal\/index.php\/2019\/05\/06\/cidadania-e-justica-articula-acoes-com-rede-de-protecao-dos-direitos-da-crianca-e-do-adolescente\/","title":{"rendered":"Cidadania e Justi\u00e7a articula a\u00e7\u00f5es com Rede de Prote\u00e7\u00e3o dos direitos da crian\u00e7a e do adolescente"},"content":{"rendered":"<p>Para articular a\u00e7\u00f5es de combate \u00e0 explora\u00e7\u00e3o e ao abuso sexual do p\u00fablico infantojuvenil, a Secretaria de Estado da Cidadania e Justi\u00e7a (Seciju), por meio da Superintend\u00eancia de Administra\u00e7\u00e3o do Sistema de Prote\u00e7\u00e3o dos Direitos da Crian\u00e7a e do Adolescente (SASPDCA), reuniu-se com membros da Rede de Prote\u00e7\u00e3o, para\u00a0estruturar as atividades programadas para os dias 16 e 17 de maio, em alus\u00e3o ao dia de combate \u00e0 explora\u00e7\u00e3o e ao abuso sexual de crian\u00e7as e adolescentes, promovido nacionalmente no dia 18 deste m\u00eas.<\/p>\n<p>As atividades preveem a realiza\u00e7\u00e3o de duas blitze\u00a0educativas, uma na Avenida JK, em Palmas;\u00a0e a outra na Avenida Tocantins, em Taquaralto. As a\u00e7\u00f5es ocorrem \u00e0s 17 horas nos dias 16 e 17 de maio, respectivamente. J\u00e1 a reuni\u00e3o apresentou o projeto que visa proteger as v\u00edtimas e responsabilizar os agressores, al\u00e9m de conscientizar a popula\u00e7\u00e3o sobre maneiras de identificar e denunciar os casos suspeitos.<\/p>\n<p>O projeto foi apresentado pelas gerentes da Seciju, Rejane Pereira Pinto e Andr\u00e9ia das Neves Seles. De acordo com Rejane Pereira Pinto, gerente de promo\u00e7\u00e3o dos direitos da crian\u00e7a e do adolescente, o projeto inclui outras a\u00e7\u00f5es. \u201cAl\u00e9m da blitze, desenvolveremos uma din\u00e2mica de vacina\u00e7\u00e3o que consiste em uma vacina\u00e7\u00e3o simb\u00f3lica para bons tratos em alus\u00e3o aos direitos da Crian\u00e7as e do Adolescente. Essa a\u00e7\u00e3o envolver\u00e1 alunos da Escola Estadual Vale do Sol, aqui da Capital, na execu\u00e7\u00e3o das atividades\u201d.<\/p>\n<p>Para o superintendente da SASPDCA, Gilberto Costa, o atendimento \u00e0 crian\u00e7a e ao adolescente deve ser priorit\u00e1rio para garantir o acesso aos direitos previstos em lei. \u201cSe a promo\u00e7\u00e3o e a prote\u00e7\u00e3o forem efetivas e as pol\u00edticas intersetoriais executadas prioritariamente, haver\u00e1 a redu\u00e7\u00e3o de adolescentes que necessitem cumprir medidas socioeducativas\u201d, finalizou.<\/p>\n<p>A a\u00e7\u00e3o contar\u00e1 com a participa\u00e7\u00e3o de diversos atores que comp\u00f5em a rede de prote\u00e7\u00e3o, composta por representantes do Programa Educacional de Resist\u00eancia \u00e0s Drogas (Proerd) \u2013 projeto da Pol\u00edcia Militar;\u00a0da Secretaria de Estado\u00a0da Educa\u00e7\u00e3o, Juventude e Esporte (Seduc);\u00a0da Delegacia de Prote\u00e7\u00e3o dos Direitos da Crian\u00e7a e do Adolescente;\u00a0do Conselho Tutelar; da\u00a0Pol\u00edcia Rodovi\u00e1ria Federal, da Controladoria Geral do Estado, do Centro de Atendimento Socioeducativo, e da Associa\u00e7\u00e3o de Promo\u00e7\u00e3o da Cidadania.<\/p>\n","protected":false},"excerpt":{"rendered":"<p>Para articular a\u00e7\u00f5es de combate \u00e0 explora\u00e7\u00e3o e ao abuso sexual do p\u00fablico infantojuvenil, a Secretaria de Estado da Cidadania e Justi\u00e7a (Seciju), por meio da Superintend\u00eancia de Administra\u00e7\u00e3o do Sistema de Prote\u00e7\u00e3o dos Direitos da Crian\u00e7a e do Adolescente (SASPDCA), reuniu-se com membros da Rede de Prote\u00e7\u00e3o, para\u00a0estruturar as atividades programadas para os dias [&hellip;]<\/p>\n","protected":false},"author":2,"featured_media":3068,"comment_status":"open","ping_status":"open","sticky":false,"template":"","format":"standard","meta":[],"categories":[2,3],"tags":[],"_links":{"self":[{"href":"https:\/\/dgospel.com.br\/portal\/index.php\/wp-json\/wp\/v2\/posts\/3067"}],"collection":[{"href":"https:\/\/dgospel.com.br\/portal\/index.php\/wp-json\/wp\/v2\/posts"}],"about":[{"href":"https:\/\/dgospel.com.br\/portal\/index.php\/wp-json\/wp\/v2\/types\/post"}],"author":[{"embeddable":true,"href":"https:\/\/dgospel.com.br\/portal\/index.php\/wp-json\/wp\/v2\/users\/2"}],"replies":[{"embeddable":true,"href":"https:\/\/dgospel.com.br\/portal\/index.php\/wp-json\/wp\/v2\/comments?post=3067"}],"version-history":[{"count":1,"href":"https:\/\/dgospel.com.br\/portal\/index.php\/wp-json\/wp\/v2\/posts\/3067\/revisions"}],"predecessor-version":[{"id":3069,"href":"https:\/\/dgospel.com.br\/portal\/index.php\/wp-json\/wp\/v2\/posts\/3067\/revisions\/3069"}],"wp:featuredmedia":[{"embeddable":true,"href":"https:\/\/dgospel.com.br\/portal\/index.php\/wp-json\/wp\/v2\/media\/3068"}],"wp:attachment":[{"href":"https:\/\/dgospel.com.br\/portal\/index.php\/wp-json\/wp\/v2\/media?parent=3067"}],"wp:term":[{"taxonomy":"category","embeddable":true,"href":"https:\/\/dgospel.com.br\/portal\/index.php\/wp-json\/wp\/v2\/categories?post=3067"},{"taxonomy":"post_tag","embeddable":true,"href":"https:\/\/dgospel.com.br\/portal\/index.php\/wp-json\/wp\/v2\/tags?post=3067"}],"curies":[{"name":"wp","href":"https:\/\/api.w.org\/{rel}","templated":true}]}}