{"id":3070,"date":"2019-05-07T12:52:49","date_gmt":"2019-05-07T15:52:49","guid":{"rendered":"http:\/\/dgospel.com.br\/portal\/?p=3070"},"modified":"2019-05-07T12:52:49","modified_gmt":"2019-05-07T15:52:49","slug":"governador-carlesse-e-bancada-federal-farao-reunioes-mensais-para-discutir-prioridades-do-estado","status":"publish","type":"post","link":"https:\/\/dgospel.com.br\/portal\/index.php\/2019\/05\/07\/governador-carlesse-e-bancada-federal-farao-reunioes-mensais-para-discutir-prioridades-do-estado\/","title":{"rendered":"Governador Carlesse e bancada federal far\u00e3o reuni\u00f5es mensais para discutir prioridades do Estado"},"content":{"rendered":"<p>O governador do Estado do Tocantins, Mauro Carlesse, senadores e deputados federais, far\u00e3o, a partir de agora, reuni\u00f5es mensais para discutir\u00a0demandas e prioridades do Estado.\u00a0A agenda ficou definida ap\u00f3s o governador receber os senadores\u00a0K\u00e1tia Abreu e Eduardo Gomes, e tamb\u00e9m os deputados federais Carlos Gaguim, coordenador da bancada federal,\u00a0e Osires Damaso, na manh\u00e3 desta segunda-feira, 6, no Pal\u00e1cio Araguaia, em Palmas.<\/p>\n<p>&#8220;Essas reuni\u00f5es v\u00e3o acontecer todos os meses, ou numa sexta-feira ou numa segunda-feira, da forma que for melhor para os parlamentares. Podemos conversar com toda a bancada ou com uma parte dos nossos parlamentares. O importante \u00e9 a gente estar sempre debatendo os problemas e encontrando as solu\u00e7\u00f5es em conjunto&#8221;, afirmou o governador.<\/p>\n<p>Nesta primeira reuni\u00e3o, foram discutidas demandas das \u00e1reas de infraestrutura, educa\u00e7\u00e3o, sa\u00fade, e a \u00e1rea social. \u201cO Tocantins precisa muito do trabalho da bancada federal e os nossos senadores e deputados federais t\u00eam nos ajudado muito com as demandas do Estado em Bras\u00edlia. Essas reuni\u00f5es s\u00e3o para fortalecer esse trabalho\u201d, refor\u00e7ou o governador Carlesse.<\/p>\n<p>O deputado federal Osires Damaso aprovou a iniciativa de realizar essas reuni\u00f5es e afirmou estar \u00e0 disposi\u00e7\u00e3o do Estado. \u201cImportant\u00edssima essa reuni\u00e3o para que possamos ouvir as prioridades do Governo e dos secret\u00e1rios para trabalharmos juntos em Bras\u00edlia em busca dos recursos que o Tocantins precisa\u201d, afirmou o deputado federal Osires Damaso.<\/p>\n<p>O senador Eduardo Gomes tamb\u00e9m avaliou positivamente a reuni\u00e3o. \u201cMuito boa a reuni\u00e3o, pois\u00a0\u00e9 uma etapa, um momento que o Governo vive ap\u00f3s esse ajuste fiscal. E esse \u00e9 o momento da nossa bancada refor\u00e7ar a sintonia com o Governo. E a bancada fica feliz em ter esse momento com o governador de ter periodicamente reuni\u00f5es para discutir as prioridades do Estado\u201d, destacou o senador Eduardo Gomes.<\/p>\n","protected":false},"excerpt":{"rendered":"<p>O governador do Estado do Tocantins, Mauro Carlesse, senadores e deputados federais, far\u00e3o, a partir de agora, reuni\u00f5es mensais para discutir\u00a0demandas e prioridades do Estado.\u00a0A agenda ficou definida ap\u00f3s o governador receber os senadores\u00a0K\u00e1tia Abreu e Eduardo Gomes, e tamb\u00e9m os deputados federais Carlos Gaguim, coordenador da bancada federal,\u00a0e Osires Damaso, na manh\u00e3 desta segunda-feira, [&hellip;]<\/p>\n","protected":false},"author":2,"featured_media":3071,"comment_status":"open","ping_status":"open","sticky":false,"template":"","format":"standard","meta":[],"categories":[2,4],"tags":[],"_links":{"self":[{"href":"https:\/\/dgospel.com.br\/portal\/index.php\/wp-json\/wp\/v2\/posts\/3070"}],"collection":[{"href":"https:\/\/dgospel.com.br\/portal\/index.php\/wp-json\/wp\/v2\/posts"}],"about":[{"href":"https:\/\/dgospel.com.br\/portal\/index.php\/wp-json\/wp\/v2\/types\/post"}],"author":[{"embeddable":true,"href":"https:\/\/dgospel.com.br\/portal\/index.php\/wp-json\/wp\/v2\/users\/2"}],"replies":[{"embeddable":true,"href":"https:\/\/dgospel.com.br\/portal\/index.php\/wp-json\/wp\/v2\/comments?post=3070"}],"version-history":[{"count":1,"href":"https:\/\/dgospel.com.br\/portal\/index.php\/wp-json\/wp\/v2\/posts\/3070\/revisions"}],"predecessor-version":[{"id":3086,"href":"https:\/\/dgospel.com.br\/portal\/index.php\/wp-json\/wp\/v2\/posts\/3070\/revisions\/3086"}],"wp:featuredmedia":[{"embeddable":true,"href":"https:\/\/dgospel.com.br\/portal\/index.php\/wp-json\/wp\/v2\/media\/3071"}],"wp:attachment":[{"href":"https:\/\/dgospel.com.br\/portal\/index.php\/wp-json\/wp\/v2\/media?parent=3070"}],"wp:term":[{"taxonomy":"category","embeddable":true,"href":"https:\/\/dgospel.com.br\/portal\/index.php\/wp-json\/wp\/v2\/categories?post=3070"},{"taxonomy":"post_tag","embeddable":true,"href":"https:\/\/dgospel.com.br\/portal\/index.php\/wp-json\/wp\/v2\/tags?post=3070"}],"curies":[{"name":"wp","href":"https:\/\/api.w.org\/{rel}","templated":true}]}}