{"id":3075,"date":"2019-05-07T12:19:46","date_gmt":"2019-05-07T15:19:46","guid":{"rendered":"http:\/\/dgospel.com.br\/portal\/?p=3075"},"modified":"2019-05-07T12:19:46","modified_gmt":"2019-05-07T15:19:46","slug":"carlesse-assina-contrato-com-o-iel-para-implementar-programa-de-estagio-para-jovens","status":"publish","type":"post","link":"https:\/\/dgospel.com.br\/portal\/index.php\/2019\/05\/07\/carlesse-assina-contrato-com-o-iel-para-implementar-programa-de-estagio-para-jovens\/","title":{"rendered":"Carlesse assina contrato com o IEL para implementar programa de est\u00e1gio para jovens"},"content":{"rendered":"<p>Com a presen\u00e7a de estudantes do Col\u00e9gio Estadual Frederico Pedreira, de Palmas, o governador do Tocantins, Mauro Carlesse, assinou na tarde desta segunda-feira, 6, contrato com o Instituto Euvaldo Lodi (IEl\/TO) para operacionaliza\u00e7\u00e3o de vagas de estagi\u00e1rios que ser\u00e3o aproveitados na administra\u00e7\u00e3o p\u00fablica estadual, por meio do Programa Oportunidade Jovem.\u00a0 O programa foi criado pelo Governo do Estado no \u00faltimo m\u00eas de abril, com o objetivo de oportunizar est\u00e1gios aos estudantes do ensino m\u00e9dio, t\u00e9cnico e superior.<\/p>\n<p>Na oportunidade, o governador Mauro Carlesse, destacou que o programa constitui uma oportunidade de est\u00e1gio para centenas de jovens estudantes e de melhoria dos servi\u00e7os prestados no \u00e2mbito da administra\u00e7\u00e3o p\u00fablica. \u201cOs jovens precisam de uma oportunidade para crescer profissionalmente e eu sempre defendi que os organismos p\u00fablicos devem participar dessa forma\u00e7\u00e3o, e tamb\u00e9m constitui uma forma de melhorarmos os servi\u00e7os p\u00fablicos\u201d, ressaltou.<\/p>\n<p>Para o presidente da Federa\u00e7\u00e3o das Ind\u00fastrias do Estado do Tocantins (Fieto), Roberto Pires, a implanta\u00e7\u00e3o desse programa foi uma demonstra\u00e7\u00e3o de vis\u00e3o. \u201cO governador Mauro Carlesse deu uma demonstra\u00e7\u00e3o de vis\u00e3o, porque esses jovens estudantes estar\u00e3o atuando em suas \u00e1reas de forma\u00e7\u00e3o, o que certamente vai contribuir para a forma\u00e7\u00e3o de uma m\u00e3o de obra de qualidade em todo o Estado\u201d.<\/p>\n<p><strong>Oportunidade<\/strong><\/p>\n<p>Ao todo ser\u00e3o disponibilizadas cinco mil vagas em Palmas e nas demais cidades do Estado. A secret\u00e1ria de Estado da Educa\u00e7\u00e3o, Juventude e Esportes, Adriana Aguiar, disse que \u00e9 a hora de cada jovem abra\u00e7ar essas oportunidades ofertadas pelo governo do Estado. \u201c\u00c9 importante que os jovens saibam aproveitar essa oportunidade. Temos um governador empreendedor que tem toda uma preocupa\u00e7\u00e3o e dedica\u00e7\u00e3o com os nossos jovens\u201d.<\/p>\n<p>O secret\u00e1rio de Estado da Administra\u00e7\u00e3o, Edson Cabral, explicou que o principal objetivo do programa \u00e9 gerar oportunidade para os jovens colaborarem na presta\u00e7\u00e3o de servi\u00e7os na administra\u00e7\u00e3o p\u00fablica do Tocantins. \u201cEle tem abrang\u00eancia em todas as cidades do Estado e compreende todos os campos de ensino. Todo curso de forma\u00e7\u00e3o que tenha uma especifica\u00e7\u00e3o pode participar\u201d, explicou o secret\u00e1rio lembrando ainda que inicialmente foi assinado um contrato com o IEL, mas que outras entidades tamb\u00e9m ser\u00e3o credenciadas.<\/p>\n<p>A superintendente do IEL, Roseli Sarmento, disse que esse programa \u00e9 muito importante para os jovens nesse momento de dificuldades que o Pa\u00eds atravessa. \u201c\u00c9 um programa muito importante para a juventude tocantinense, principalmente nesse momento de dificuldades que atravessa o Pa\u00eds e constitui uma excelente iniciativa do governador Mauro Carlesse em proporcionar essa oportunidade aos jovens\u201d.<\/p>\n<p>As vagas ser\u00e3o distribu\u00eddas conforme a demanda apresentada pelos \u00f3rg\u00e3os, de acordo com o quadro de n\u00edveis de estagi\u00e1rio (m\u00e9dio, t\u00e9cnico e superior), com cargas hor\u00e1rias de quatro ou seis horas di\u00e1rias e bolsas que variam de R$ 500 a R$ 1.200. O est\u00e1gio ter\u00e1 a dura\u00e7\u00e3o de at\u00e9 24 (vinte e quatro) meses, exceto quando se tratar de estagi\u00e1rio portador de defici\u00eancia, conforme preceitua o artigo 11 da Lei n\u00ba 11.788\/08.<\/p>\n<p>Podem participar estudantes a partir de 16 anos de idade regularmente matriculados.<\/p>\n<p><strong>Presen\u00e7as<\/strong><\/p>\n<p>Participaram da solenidade na Sala de Reuni\u00f5es do Pal\u00e1cio Araguaia, secret\u00e1rios de Estado, estudantes, al\u00e9m do presidente da Assembleia Legislativa, Ant\u00f4nio Andrade, e os deputados Vilmar Oliveira, Jos\u00e9 Roberto e Ivori Lira.<\/p>\n","protected":false},"excerpt":{"rendered":"<p>Com a presen\u00e7a de estudantes do Col\u00e9gio Estadual Frederico Pedreira, de Palmas, o governador do Tocantins, Mauro Carlesse, assinou na tarde desta segunda-feira, 6, contrato com o Instituto Euvaldo Lodi (IEl\/TO) para operacionaliza\u00e7\u00e3o de vagas de estagi\u00e1rios que ser\u00e3o aproveitados na administra\u00e7\u00e3o p\u00fablica estadual, por meio do Programa Oportunidade Jovem.\u00a0 O programa foi criado pelo [&hellip;]<\/p>\n","protected":false},"author":2,"featured_media":3076,"comment_status":"open","ping_status":"open","sticky":false,"template":"","format":"standard","meta":[],"categories":[2,4],"tags":[],"_links":{"self":[{"href":"https:\/\/dgospel.com.br\/portal\/index.php\/wp-json\/wp\/v2\/posts\/3075"}],"collection":[{"href":"https:\/\/dgospel.com.br\/portal\/index.php\/wp-json\/wp\/v2\/posts"}],"about":[{"href":"https:\/\/dgospel.com.br\/portal\/index.php\/wp-json\/wp\/v2\/types\/post"}],"author":[{"embeddable":true,"href":"https:\/\/dgospel.com.br\/portal\/index.php\/wp-json\/wp\/v2\/users\/2"}],"replies":[{"embeddable":true,"href":"https:\/\/dgospel.com.br\/portal\/index.php\/wp-json\/wp\/v2\/comments?post=3075"}],"version-history":[{"count":1,"href":"https:\/\/dgospel.com.br\/portal\/index.php\/wp-json\/wp\/v2\/posts\/3075\/revisions"}],"predecessor-version":[{"id":3077,"href":"https:\/\/dgospel.com.br\/portal\/index.php\/wp-json\/wp\/v2\/posts\/3075\/revisions\/3077"}],"wp:featuredmedia":[{"embeddable":true,"href":"https:\/\/dgospel.com.br\/portal\/index.php\/wp-json\/wp\/v2\/media\/3076"}],"wp:attachment":[{"href":"https:\/\/dgospel.com.br\/portal\/index.php\/wp-json\/wp\/v2\/media?parent=3075"}],"wp:term":[{"taxonomy":"category","embeddable":true,"href":"https:\/\/dgospel.com.br\/portal\/index.php\/wp-json\/wp\/v2\/categories?post=3075"},{"taxonomy":"post_tag","embeddable":true,"href":"https:\/\/dgospel.com.br\/portal\/index.php\/wp-json\/wp\/v2\/tags?post=3075"}],"curies":[{"name":"wp","href":"https:\/\/api.w.org\/{rel}","templated":true}]}}