{"id":3078,"date":"2019-05-07T12:26:44","date_gmt":"2019-05-07T15:26:44","guid":{"rendered":"http:\/\/dgospel.com.br\/portal\/?p=3078"},"modified":"2019-05-07T12:26:44","modified_gmt":"2019-05-07T15:26:44","slug":"governo-abre-inscricoes-para-contratacao-de-cinco-mil-estagiarios-com-bolsas-de-ate-r-12-mil","status":"publish","type":"post","link":"https:\/\/dgospel.com.br\/portal\/index.php\/2019\/05\/07\/governo-abre-inscricoes-para-contratacao-de-cinco-mil-estagiarios-com-bolsas-de-ate-r-12-mil\/","title":{"rendered":"Governo abre inscri\u00e7\u00f5es para contrata\u00e7\u00e3o de cinco mil estagi\u00e1rios com bolsas de at\u00e9 R$ 1,2 mil"},"content":{"rendered":"<div class=\"mc-column content-text active-extra-styles active-capital-letter\" data-block-type=\"unstyled\" data-block-weight=\"53\" data-block-id=\"2\">\n<p class=\"content-text__container theme-color-primary-first-letter\" data-track-category=\"Link no Texto\" data-track-links=\"\">O Governo do Tocantins anunciou nesta segunda-feira (6) que vai contratar cinco mil estagi\u00e1rios com bolsas que variam de R$ 500 a R$ 1,2 mil. O programa, batizado de Oportunidade Jovem, \u00e9 uma parceria com o Instituto Euvaldo Lodi (IEL). As inscri\u00e7\u00f5es j\u00e1 podem ser feitas atrav\u00e9s do\u00a0<a href=\"https:\/\/secad.to.gov.br\/programa-de-estagio-\/\" target=\"_blank\" rel=\"noopener\">site da Secretaria de Administra\u00e7\u00e3o.<\/a><\/p>\n<\/div>\n<div class=\"wall protected-content\">\n<div class=\"mc-column content-text active-extra-styles \" data-block-type=\"unstyled\" data-block-weight=\"43\" data-block-id=\"3\">\n<p class=\"content-text__container \" data-track-category=\"Link no Texto\" data-track-links=\"\">Ainda n\u00e3o h\u00e1 previs\u00e3o para a divulga\u00e7\u00e3o da lista de selecionados nem a data para o in\u00edcio dos trabalhos. Segundo o governo, as vagas s\u00e3o para todas as regi\u00f5es do estado e os estagi\u00e1rios v\u00e3o prestar servi\u00e7os em v\u00e1rias \u00e1reas da administra\u00e7\u00e3o p\u00fablica.<\/p>\n<\/div>\n<div class=\"mc-column content-text active-extra-styles \" data-block-type=\"unstyled\" data-block-weight=\"38\" data-block-id=\"4\">\n<p class=\"content-text__container \" data-track-category=\"Link no Texto\" data-track-links=\"\">Haver\u00e1 sele\u00e7\u00f5es para os n\u00edveis m\u00e9dio, superior e t\u00e9cnico. As cargas hor\u00e1rias ser\u00e3o de quatro ou seis horas di\u00e1rias e a dura\u00e7\u00e3o \u00e9 de 24 meses, exceto para os casos previstos em lei, como os portadores de defici\u00eancias.<\/p>\n<\/div>\n<div class=\"mc-column content-text active-extra-styles \" data-block-type=\"unstyled\" data-block-weight=\"34\" data-block-id=\"5\">\n<p class=\"content-text__container \" data-track-category=\"Link no Texto\" data-track-links=\"\">Para participar, o candidato deve ter no m\u00ednimo 16 anos e estar regularmente matriculado no n\u00edvel escolar indicado no ato da inscri\u00e7\u00e3o. O programa abrange todas as \u00e1reas de ensino, sem restri\u00e7\u00e3o de cursos.<\/p>\n<\/div>\n<div class=\"mc-column content-text active-extra-styles \" data-block-type=\"unstyled\" data-block-weight=\"33\" data-block-id=\"6\">\n<p class=\"content-text__container \" data-track-category=\"Link no Texto\" data-track-links=\"\">&#8220;Ele tem abrang\u00eancia em todas as cidades do Estado e compreende todos os campos de ensino. Todo curso de forma\u00e7\u00e3o que tenha uma especifica\u00e7\u00e3o pode participar&#8221;, explicou o Secret\u00e1rio de Administra\u00e7\u00e3o, Edson Cabral.<\/p>\n<\/div>\n<div class=\"mc-column content-text active-extra-styles \" data-block-type=\"unstyled\" data-block-weight=\"41\" data-block-id=\"7\">\n<p class=\"content-text__container \" data-track-category=\"Link no Texto\" data-track-links=\"\">&#8220;Os jovens precisam de uma oportunidade para crescer profissionalmente e eu sempre defendi que os organismos p\u00fablicos devem participar dessa forma\u00e7\u00e3o, e tamb\u00e9m constitui uma forma de melhorarmos os servi\u00e7os p\u00fablicos&#8221;, disse o governador, Mauro Carlesse (PHS), no lan\u00e7amento do projeto.<\/p>\n<p data-track-category=\"Link no Texto\" data-track-links=\"\">Fonte: G1 Tocantins<\/p>\n<\/div>\n<\/div>\n","protected":false},"excerpt":{"rendered":"<p>O Governo do Tocantins anunciou nesta segunda-feira (6) que vai contratar cinco mil estagi\u00e1rios com bolsas que variam de R$ 500 a R$ 1,2 mil. O programa, batizado de Oportunidade Jovem, \u00e9 uma parceria com o Instituto Euvaldo Lodi (IEL). As inscri\u00e7\u00f5es j\u00e1 podem ser feitas atrav\u00e9s do\u00a0site da Secretaria de Administra\u00e7\u00e3o. Ainda n\u00e3o h\u00e1 [&hellip;]<\/p>\n","protected":false},"author":2,"featured_media":3079,"comment_status":"open","ping_status":"open","sticky":false,"template":"","format":"standard","meta":[],"categories":[2,3],"tags":[],"_links":{"self":[{"href":"https:\/\/dgospel.com.br\/portal\/index.php\/wp-json\/wp\/v2\/posts\/3078"}],"collection":[{"href":"https:\/\/dgospel.com.br\/portal\/index.php\/wp-json\/wp\/v2\/posts"}],"about":[{"href":"https:\/\/dgospel.com.br\/portal\/index.php\/wp-json\/wp\/v2\/types\/post"}],"author":[{"embeddable":true,"href":"https:\/\/dgospel.com.br\/portal\/index.php\/wp-json\/wp\/v2\/users\/2"}],"replies":[{"embeddable":true,"href":"https:\/\/dgospel.com.br\/portal\/index.php\/wp-json\/wp\/v2\/comments?post=3078"}],"version-history":[{"count":1,"href":"https:\/\/dgospel.com.br\/portal\/index.php\/wp-json\/wp\/v2\/posts\/3078\/revisions"}],"predecessor-version":[{"id":3080,"href":"https:\/\/dgospel.com.br\/portal\/index.php\/wp-json\/wp\/v2\/posts\/3078\/revisions\/3080"}],"wp:featuredmedia":[{"embeddable":true,"href":"https:\/\/dgospel.com.br\/portal\/index.php\/wp-json\/wp\/v2\/media\/3079"}],"wp:attachment":[{"href":"https:\/\/dgospel.com.br\/portal\/index.php\/wp-json\/wp\/v2\/media?parent=3078"}],"wp:term":[{"taxonomy":"category","embeddable":true,"href":"https:\/\/dgospel.com.br\/portal\/index.php\/wp-json\/wp\/v2\/categories?post=3078"},{"taxonomy":"post_tag","embeddable":true,"href":"https:\/\/dgospel.com.br\/portal\/index.php\/wp-json\/wp\/v2\/tags?post=3078"}],"curies":[{"name":"wp","href":"https:\/\/api.w.org\/{rel}","templated":true}]}}