{"id":309,"date":"2018-05-23T11:47:26","date_gmt":"2018-05-23T14:47:26","guid":{"rendered":"http:\/\/dgospel.com.br\/portal\/?p=309"},"modified":"2018-05-23T11:47:26","modified_gmt":"2018-05-23T14:47:26","slug":"protesto-de-caminhoneiros-afeta-comercio-e-postos-de-combustiveis-em-palmas","status":"publish","type":"post","link":"https:\/\/dgospel.com.br\/portal\/index.php\/2018\/05\/23\/protesto-de-caminhoneiros-afeta-comercio-e-postos-de-combustiveis-em-palmas\/","title":{"rendered":"Protesto de caminhoneiros afeta com\u00e9rcio e postos de Combust\u00edveis em Palmas"},"content":{"rendered":"<p>O protesto dos caminhoneiros completa tr\u00eas dias nesta quarta-feira (23). No Tocantins, ao menos oito trechos de rodovias federais est\u00e3o bloqueados, impedindo a passagem principalmente de caminh\u00f5es. Em Palmas, os supermercados j\u00e1 come\u00e7am a sentir os reflexos do movimento. Postos de combust\u00edveis tamb\u00e9m enfrentam falta de produtos, segundo o sindicato da categoria.\u00a0<a style=\"font-style: inherit;\" href=\"https:\/\/g1.globo.com\/to\/tocantins\/noticia\/caminhoneiros-fazem-protesto-contra-aumento-no-preco-dos-combustiveis.ghtml\">Os atos come\u00e7aram na \u00faltima segunda-feira (21).<\/a><\/p>\n<p>Gerentes de dois supermercados, localizados no centro da capital, informaram que as cargas de verduras e leite n\u00e3o chegaram. Os produtos est\u00e3o diminuindo nas prateleiras e podem faltar nas pr\u00f3ximas horas, caso n\u00e3o haja a entrega.<\/p>\n<p style=\"font-style: inherit; font-weight: inherit;\" data-track-category=\"Link no Texto\" data-track-links=\"\">O presidente do Sindicato dos Postos de Combust\u00edveis (Sindiposto), Wilber Silvano, disse que alguns postos em Palmas est\u00e3o com falta de combust\u00edveis. &#8220;A base de distribui\u00e7\u00e3o est\u00e1 interditada e como ela fica bem ao lado, ningu\u00e9m tem grandes estoques. Outro fator \u00e9 que as pessoas podem entrar em p\u00e2nico e pode levar a um consumo maior&#8221;, argumentou.<\/p>\n<p style=\"font-style: inherit; font-weight: inherit;\" data-track-category=\"Link no Texto\" data-track-links=\"\">Os Correios tamb\u00e9m foram afetados. A empresa informou que desde a \u00faltima segunda-feira, as remessas postais e de encomendas de outros estados n\u00e3o est\u00e3o chegando regularmente em Palmas, Aragua\u00edna e Gurupi. Disse tamb\u00e9m que enfrenta dificuldades para escoar a carga estadual a partir destas tr\u00eas cidades para os demais munic\u00edpios do interior do Tocantins.<\/p>\n<p style=\"font-style: inherit; font-weight: inherit;\" data-track-category=\"Link no Texto\" data-track-links=\"\">Afirmam ainda que est\u00e3o temporariamente suspensas as postagens das encomendas com dia e hora marcados (SEDEX 10, 12 e HOJE). Tamb\u00e9m haver\u00e1 o acr\u00e9scimo de dias no prazo de entrega dos servi\u00e7os SEDEX e PAC, bem como das correspond\u00eancias enquanto perdurarem os efeitos desta greve.<\/p>\n<p style=\"font-style: inherit; font-weight: inherit;\" data-track-category=\"Link no Texto\" data-track-links=\"\">Por fim, a empresa disse que no momento em que a situa\u00e7\u00e3o do tr\u00e1fego nas rodovias retornar \u00e0 normalidade, refor\u00e7ar\u00e1 os processos operacionais para minimizar os impactos \u00e0 popula\u00e7\u00e3o.<\/p>\n<h2 style=\"font-style: inherit; font-weight: inherit;\">Trechos bloqueados<\/h2>\n<p style=\"font-style: inherit; font-weight: inherit;\">Veja os pontos de bloqueios no Tocantins, segundo balan\u00e7o da Pol\u00edcia Rodovi\u00e1ria Federal. Em todos os casos o tr\u00e2nsito est\u00e1 bloqueado para ve\u00edculos de carga. Os outros autom\u00f3veis conseguem transitar.<\/p>\n<ul>\n<li>Aragua\u00edna &#8211; BR-153, km 152<\/li>\n<li>Nova Olinda &#8211; BR-153, km 208,7<\/li>\n<li>Colinas do Tocantins &#8211; BR-153, km 245<\/li>\n<li>Fortaleza do Taboc\u00e3o &#8211; BR-153, Km 360<\/li>\n<li>Para\u00edso do Tocantins &#8211; BR-153, km 492<\/li>\n<li>Gurupi &#8211; BR-153, km 674<\/li>\n<li>Alvorada &#8211; BR-153, km 761<\/li>\n<li>Pedro Afonso &#8211; entre a Ponte sobre o Rio Tocantins e o trevo da cidade &#8211; BR-235, km 164.<\/li>\n<\/ul>\n<p>&nbsp;<\/p>\n<p>Fonte: <strong>G1 Tocantins<\/strong><\/p>\n","protected":false},"excerpt":{"rendered":"<p>O protesto dos caminhoneiros completa tr\u00eas dias nesta quarta-feira (23). No Tocantins, ao menos oito trechos de rodovias federais est\u00e3o bloqueados, impedindo a passagem principalmente de caminh\u00f5es. Em Palmas, os supermercados j\u00e1 come\u00e7am a sentir os reflexos do movimento. Postos de combust\u00edveis tamb\u00e9m enfrentam falta de produtos, segundo o sindicato da categoria.\u00a0Os atos come\u00e7aram na [&hellip;]<\/p>\n","protected":false},"author":2,"featured_media":310,"comment_status":"open","ping_status":"open","sticky":false,"template":"","format":"standard","meta":[],"categories":[2,3,10],"tags":[],"_links":{"self":[{"href":"https:\/\/dgospel.com.br\/portal\/index.php\/wp-json\/wp\/v2\/posts\/309"}],"collection":[{"href":"https:\/\/dgospel.com.br\/portal\/index.php\/wp-json\/wp\/v2\/posts"}],"about":[{"href":"https:\/\/dgospel.com.br\/portal\/index.php\/wp-json\/wp\/v2\/types\/post"}],"author":[{"embeddable":true,"href":"https:\/\/dgospel.com.br\/portal\/index.php\/wp-json\/wp\/v2\/users\/2"}],"replies":[{"embeddable":true,"href":"https:\/\/dgospel.com.br\/portal\/index.php\/wp-json\/wp\/v2\/comments?post=309"}],"version-history":[{"count":1,"href":"https:\/\/dgospel.com.br\/portal\/index.php\/wp-json\/wp\/v2\/posts\/309\/revisions"}],"predecessor-version":[{"id":311,"href":"https:\/\/dgospel.com.br\/portal\/index.php\/wp-json\/wp\/v2\/posts\/309\/revisions\/311"}],"wp:featuredmedia":[{"embeddable":true,"href":"https:\/\/dgospel.com.br\/portal\/index.php\/wp-json\/wp\/v2\/media\/310"}],"wp:attachment":[{"href":"https:\/\/dgospel.com.br\/portal\/index.php\/wp-json\/wp\/v2\/media?parent=309"}],"wp:term":[{"taxonomy":"category","embeddable":true,"href":"https:\/\/dgospel.com.br\/portal\/index.php\/wp-json\/wp\/v2\/categories?post=309"},{"taxonomy":"post_tag","embeddable":true,"href":"https:\/\/dgospel.com.br\/portal\/index.php\/wp-json\/wp\/v2\/tags?post=309"}],"curies":[{"name":"wp","href":"https:\/\/api.w.org\/{rel}","templated":true}]}}