{"id":3090,"date":"2019-05-07T13:12:23","date_gmt":"2019-05-07T16:12:23","guid":{"rendered":"http:\/\/dgospel.com.br\/portal\/?p=3090"},"modified":"2019-05-07T13:12:23","modified_gmt":"2019-05-07T16:12:23","slug":"agenda-positiva-para-to-e-debatida-em-encontro-entre-antonio-andrade-e-eduardo-gomes","status":"publish","type":"post","link":"https:\/\/dgospel.com.br\/portal\/index.php\/2019\/05\/07\/agenda-positiva-para-to-e-debatida-em-encontro-entre-antonio-andrade-e-eduardo-gomes\/","title":{"rendered":"Agenda positiva para TO \u00e9 debatida em encontro entre Antonio Andrade e Eduardo Gomes"},"content":{"rendered":"<p style=\"margin: 0cm 0cm 7.5pt 0cm;\"><span style=\"font-size: 11.5pt; font-family: 'Ubuntu',serif; color: #666666;\">Na manh\u00e3 desta segunda-feira, 6, o presidente da Assembleia Legislativa (AL-TO), deputado Antonio Andrade (PHS), recebeu a visita do senador Eduardo Gomes (MDB). Durante o encontro o presidente da AL-TO pediu apoio ao senador para amplia\u00e7\u00e3o da TV Assembleia e da Escola do Legislativo, por meio de emendas parlamentares.<\/span><\/p>\n<p style=\"font-variant-ligatures: normal; font-variant-caps: normal; orphans: 2; text-align: start; widows: 2; -webkit-text-stroke-width: 0px; text-decoration-style: initial; text-decoration-color: initial; word-spacing: 0px; margin: 0cm 0cm 7.5pt 0cm;\"><b><span style=\"font-size: 11.5pt; font-family: 'Ubuntu',serif; color: #666666;\">TV AL e Escola do Legislativo<\/span><\/b><\/p>\n<p style=\"font-variant-ligatures: normal; font-variant-caps: normal; orphans: 2; text-align: start; widows: 2; -webkit-text-stroke-width: 0px; text-decoration-style: initial; text-decoration-color: initial; word-spacing: 0px; margin: 0cm 0cm 7.5pt 0cm;\"><span style=\"font-size: 11.5pt; font-family: 'Ubuntu',serif; color: #666666;\">Antonio Andrade defendeu uma Assembleia mais pr\u00f3xima ao cidad\u00e3o; para tanto, quer ampliar o sinal da TV AL para os maiores munic\u00edpios tocantinenses e aumentar a oferta de cursos da Escola do Legislativo, alcan\u00e7ando assim a comunidade fora da Casa e dando mais transpar\u00eancia \u00e0s a\u00e7\u00f5es do Legislativo.<\/span><\/p>\n<p style=\"font-variant-ligatures: normal; font-variant-caps: normal; orphans: 2; text-align: start; widows: 2; -webkit-text-stroke-width: 0px; text-decoration-style: initial; text-decoration-color: initial; word-spacing: 0px; margin: 0cm 0cm 7.5pt 0cm;\"><b><span style=\"font-size: 11.5pt; font-family: 'Ubuntu',serif; color: #666666;\">Banda larga, UFNT e Codevasf<\/span><\/b><\/p>\n<p style=\"font-variant-ligatures: normal; font-variant-caps: normal; orphans: 2; text-align: start; widows: 2; -webkit-text-stroke-width: 0px; text-decoration-style: initial; text-decoration-color: initial; word-spacing: 0px; margin: 0cm 0cm 7.5pt 0cm;\"><span style=\"font-size: 11.5pt; font-family: 'Ubuntu',serif; color: #666666;\">O senador sugeriu tamb\u00e9m uma parceria com o Legislativo tocantinense e prop\u00f4s uma agenda positiva com tr\u00eas frentes priorit\u00e1rias: aumentar a oferta de banda larga nos munic\u00edpios do Estado, garantir a implanta\u00e7\u00e3o da Universidade Federal do Norte do Tocantins (UFNT) e a inclus\u00e3o da bacia do Araguaia\/Tocantins sob a \u00e1rea de atua\u00e7\u00e3o da Codevasf (Companhia de Desenvolvimento dos Vales do S\u00e3o Francisco e do Parna\u00edba).<\/span><\/p>\n<p style=\"font-variant-ligatures: normal; font-variant-caps: normal; orphans: 2; text-align: start; widows: 2; -webkit-text-stroke-width: 0px; text-decoration-style: initial; text-decoration-color: initial; word-spacing: 0px; margin: 0cm 0cm 7.5pt 0cm;\"><span style=\"font-size: 11.5pt; font-family: 'Ubuntu',serif; color: #666666;\">A Codevasf \u00e9 uma empresa p\u00fablica vinculada ao Minist\u00e9rio do Desenvolvimento Regional que promove o desenvolvimento e a revitaliza\u00e7\u00e3o das bacias dos rios S\u00e3o Francisco, Parna\u00edba, Itapecuru e Mearim com a utiliza\u00e7\u00e3o sustent\u00e1vel dos recursos naturais e estrutura\u00e7\u00e3o de atividades produtivas para a inclus\u00e3o econ\u00f4mica e social. A inclus\u00e3o vai facilitar a aquisi\u00e7\u00e3o de recursos para projetos de desenvolvimento para os munic\u00edpios tocantinenses.<\/span><\/p>\n<p style=\"font-variant-ligatures: normal; font-variant-caps: normal; orphans: 2; text-align: start; widows: 2; -webkit-text-stroke-width: 0px; text-decoration-style: initial; text-decoration-color: initial; word-spacing: 0px; margin: 0cm 0cm 7.5pt 0cm;\"><b><span style=\"font-size: 11.5pt; font-family: 'Ubuntu',serif; color: #666666;\">Ponte de Porto<\/span><\/b><\/p>\n<p style=\"font-variant-ligatures: normal; font-variant-caps: normal; orphans: 2; text-align: start; widows: 2; -webkit-text-stroke-width: 0px; text-decoration-style: initial; text-decoration-color: initial; word-spacing: 0px; margin: 0cm 0cm 7.5pt 0cm;\"><span style=\"font-size: 11.5pt; font-family: 'Ubuntu',serif; color: #666666;\">A situa\u00e7\u00e3o da ponte de Porto Nacional, preocupa\u00e7\u00e3o recorrente do presidente Antonio Andrade, tamb\u00e9m foi assunto no encontro. O senador explicou que a constru\u00e7\u00e3o da nova ponte \u00e9 prioridade do governador Mauro Carlesse (PHS), que tem procurado garantir recursos para constru\u00e7\u00e3o a todo custo, chegando a incluir o projeto em diversos programas e recursos diferentes.<\/span><\/p>\n<p style=\"font-variant-ligatures: normal; font-variant-caps: normal; orphans: 2; text-align: start; widows: 2; -webkit-text-stroke-width: 0px; text-decoration-style: initial; text-decoration-color: initial; word-spacing: 0px; margin: 0cm 0cm 7.5pt 0cm;\"><span style=\"font-size: 11.5pt; font-family: 'Ubuntu',serif; color: #666666;\">Eduardo Gomes aproveitou para fazer uma visita ao setor de comunica\u00e7\u00e3o da Casa e a Escola do Legislativo. Acompanharam o senador o diretor de \u00e1rea de comunica\u00e7\u00e3o, Edvaldo Rodrigues, e o diretor da Escola do Legislativo, Homero Barreto. O senador pretende fazer uma nova visita \u00e0 Assembleia nos pr\u00f3ximos meses, ocasi\u00e3o em que visitar\u00e1 os gabinetes de todos deputados.<\/span><\/p>\n<p style=\"font-variant-ligatures: normal; font-variant-caps: normal; orphans: 2; text-align: start; widows: 2; -webkit-text-stroke-width: 0px; text-decoration-style: initial; text-decoration-color: initial; word-spacing: 0px; margin: 0cm 0cm 7.5pt 0cm;\"><b><span style=\"font-size: 11.5pt; font-family: 'Ubuntu',serif; color: #666666;\">Sess\u00e3o solene<\/span><\/b><\/p>\n<p style=\"font-variant-ligatures: normal; font-variant-caps: normal; orphans: 2; text-align: start; widows: 2; -webkit-text-stroke-width: 0px; text-decoration-style: initial; text-decoration-color: initial; word-spacing: 0px; margin: 0cm 0cm 7.5pt 0cm;\"><span style=\"font-size: 11.5pt; font-family: 'Ubuntu',serif; color: #666666;\">O senador convidou Antonio Andrade a participar da sess\u00e3o solene no Senado Federal, no pr\u00f3ximo dia 23, em homenagem aos 30 anos de Palmas e estendeu apoio ao presidente nas futuras demandas que possam ocorrer. Andrade retribuiu dizendo que a Assembleia est\u00e1 sempre de portas abertas ao senador. (Rog\u00e9rio Tortola)<\/span><\/p>\n","protected":false},"excerpt":{"rendered":"<p>Na manh\u00e3 desta segunda-feira, 6, o presidente da Assembleia Legislativa (AL-TO), deputado Antonio Andrade (PHS), recebeu a visita do senador Eduardo Gomes (MDB). Durante o encontro o presidente da AL-TO pediu apoio ao senador para amplia\u00e7\u00e3o da TV Assembleia e da Escola do Legislativo, por meio de emendas parlamentares. TV AL e Escola do Legislativo [&hellip;]<\/p>\n","protected":false},"author":2,"featured_media":3091,"comment_status":"open","ping_status":"open","sticky":false,"template":"","format":"standard","meta":[],"categories":[8,2,4],"tags":[],"_links":{"self":[{"href":"https:\/\/dgospel.com.br\/portal\/index.php\/wp-json\/wp\/v2\/posts\/3090"}],"collection":[{"href":"https:\/\/dgospel.com.br\/portal\/index.php\/wp-json\/wp\/v2\/posts"}],"about":[{"href":"https:\/\/dgospel.com.br\/portal\/index.php\/wp-json\/wp\/v2\/types\/post"}],"author":[{"embeddable":true,"href":"https:\/\/dgospel.com.br\/portal\/index.php\/wp-json\/wp\/v2\/users\/2"}],"replies":[{"embeddable":true,"href":"https:\/\/dgospel.com.br\/portal\/index.php\/wp-json\/wp\/v2\/comments?post=3090"}],"version-history":[{"count":1,"href":"https:\/\/dgospel.com.br\/portal\/index.php\/wp-json\/wp\/v2\/posts\/3090\/revisions"}],"predecessor-version":[{"id":3092,"href":"https:\/\/dgospel.com.br\/portal\/index.php\/wp-json\/wp\/v2\/posts\/3090\/revisions\/3092"}],"wp:featuredmedia":[{"embeddable":true,"href":"https:\/\/dgospel.com.br\/portal\/index.php\/wp-json\/wp\/v2\/media\/3091"}],"wp:attachment":[{"href":"https:\/\/dgospel.com.br\/portal\/index.php\/wp-json\/wp\/v2\/media?parent=3090"}],"wp:term":[{"taxonomy":"category","embeddable":true,"href":"https:\/\/dgospel.com.br\/portal\/index.php\/wp-json\/wp\/v2\/categories?post=3090"},{"taxonomy":"post_tag","embeddable":true,"href":"https:\/\/dgospel.com.br\/portal\/index.php\/wp-json\/wp\/v2\/tags?post=3090"}],"curies":[{"name":"wp","href":"https:\/\/api.w.org\/{rel}","templated":true}]}}