{"id":3108,"date":"2019-05-09T12:10:58","date_gmt":"2019-05-09T15:10:58","guid":{"rendered":"http:\/\/dgospel.com.br\/portal\/?p=3108"},"modified":"2019-05-09T12:10:58","modified_gmt":"2019-05-09T15:10:58","slug":"campanha-em-defesa-dos-direitos-das-mulheres-rurais-e-lancada-na-agrotins-2019","status":"publish","type":"post","link":"https:\/\/dgospel.com.br\/portal\/index.php\/2019\/05\/09\/campanha-em-defesa-dos-direitos-das-mulheres-rurais-e-lancada-na-agrotins-2019\/","title":{"rendered":"Campanha em defesa dos direitos das mulheres rurais \u00e9 lan\u00e7ada na Agrotins 2019"},"content":{"rendered":"<p>A Secretaria\u00a0 do Estado da Agricultura, Pecu\u00e1ria e Aquicultura (Seagro) lan\u00e7a a campanha #MulheresRurais, Mulheres com Direitos, com a presen\u00e7a da embaixadora da Organiza\u00e7\u00e3o das Na\u00e7\u00f5es Unidas para a Alimenta\u00e7\u00e3o e a Agricultura (FAO) no Norte do pa\u00eds, Simone de Brito Barreto.<\/p>\n<p>O evento acontece \u00e0s 14 horas, desta quinta-feira, 9, no Audit\u00f3rio Jaburu, no Centro Agrotecnol\u00f3gico de Palmas, durante a 19\u00aa edi\u00e7\u00e3o da Feira Agrotecnol\u00f3gica do Tocantins (Agrotins 2019),\u00a0que teve in\u00edcio nesta\u00a0ter\u00e7a-feira, 7, e prossegue at\u00e9\u00a0s\u00e1bado 11.<\/p>\n<p>Vistas apenas como ajudantes, as mulheres t\u00eam se destacado cada vez mais em diversas etapas da produ\u00e7\u00e3o de alimento e em outras atividades que envolvem gera\u00e7\u00e3o de renda e desenvolvimento socioecon\u00f4mico rural.<\/p>\n<p>Segundo uma das colaboradoras da campanha no Estado, a m\u00e9dica veterin\u00e1ria\u00a0Patr\u00edcia Rezende, a campanha #MulheresRurais, Mulheres com Direitos \u00e9 colaborativa, sem fins lucrativos e qualquer um pode participar. \u201cNo evento, ser\u00e3o apresentadas experi\u00eancias positivas de empoderamento social que mudaram\u00a0vidas\u201d, explicou.<\/p>\n<p>O principal objetivo desta edi\u00e7\u00e3o \u00e9 dar mais visibilidade ao trabalho transformador desenvolvido pelas mulheres. O lema escolhido \u00e9 pensar em igualdade, construir com intelig\u00eancia, inovar para mudar. \u00a0A a\u00e7\u00e3o promove a valoriza\u00e7\u00e3o dos diretos dessas mulheres em todos os setores, desde os individuais at\u00e9 os coletivos, al\u00e9m de viabilizar condi\u00e7\u00f5es para o cumprimento das metas de igualdade de g\u00eanero.<\/p>\n<p>Conforme a embaixadora da campanha no Norte do pa\u00eds, Simone Barreto,\u00a0na Am\u00e9rica Latina e Caribe\u00a0quase metade da popula\u00e7\u00e3o residente em \u00e1reas rurais \u00e9 composta por mulheres, onde muitas dessas est\u00e3o sendo obrigadas a migrar para as cidades devido \u00e0 aus\u00eancia de pol\u00edticas p\u00fablicas que garantam direitos sobre a carga de trabalho dom\u00e9stico, mercados formais para a produ\u00e7\u00e3o feminina, al\u00e9m das limita\u00e7\u00f5es de acesso \u00e0 bens e servi\u00e7os.\u00a0\u201cAs mulheres enfrentam ainda a invisibilidade do trabalho feminino, que no meio rural \u00e9 visto somente como ajuda, apesar de\u00a0suas atividades di\u00e1rias em hortas, pequenos ro\u00e7ados, trato de animais, que nunca s\u00e3o contabilizadas\u00a0como fonte de renda para a economia familiar\u201d, enfatizou Simone Barreto.<\/p>\n<p>Em conson\u00e2ncia com as agendas de trabalho das institui\u00e7\u00f5es organizadoras da campanha foram estabelecidas duas \u00e1reas tem\u00e1ticas priorit\u00e1rias para a mobiliza\u00e7\u00e3o de informa\u00e7\u00f5es e a articula\u00e7\u00e3o de redes de trabalho: Pobreza Rural\u00a0e Seguran\u00e7a Alimentar e Nutricional.<\/p>\n<p>A campanha #MulheresRurais, Mulheres com Direitos foi lan\u00e7ada regionalmente em 2016, como um esfor\u00e7o colaborativo para fazer conquistas vis\u00edveis para os desafios pela igualdade de g\u00eanero em \u00e1reas rurais.<\/p>\n<p>Em 2019, os parceiros e organizadores da campanha incluem \u00f3rg\u00e3os e entidades como FAO, Dire\u00e7\u00e3o-Geral de Desenvolvimento Rural do Minist\u00e9rio da Pecu\u00e1ria, Agricultura e Pesca (DGDR \/ MGAP) do Uruguai, ONU Mulheres, Comiss\u00e3o sobre Agricultura Familiar do Mercosul (REAF) e Secretaria de Agricultura Familiar e Cooperativismo do Minist\u00e9rio da Agricultura, Pecu\u00e1ria e Abastecimento (Mapa) do Brasil.<\/p>\n","protected":false},"excerpt":{"rendered":"<p>A Secretaria\u00a0 do Estado da Agricultura, Pecu\u00e1ria e Aquicultura (Seagro) lan\u00e7a a campanha #MulheresRurais, Mulheres com Direitos, com a presen\u00e7a da embaixadora da Organiza\u00e7\u00e3o das Na\u00e7\u00f5es Unidas para a Alimenta\u00e7\u00e3o e a Agricultura (FAO) no Norte do pa\u00eds, Simone de Brito Barreto. O evento acontece \u00e0s 14 horas, desta quinta-feira, 9, no Audit\u00f3rio Jaburu, no [&hellip;]<\/p>\n","protected":false},"author":2,"featured_media":3109,"comment_status":"open","ping_status":"open","sticky":false,"template":"","format":"standard","meta":[],"categories":[2,3],"tags":[],"_links":{"self":[{"href":"https:\/\/dgospel.com.br\/portal\/index.php\/wp-json\/wp\/v2\/posts\/3108"}],"collection":[{"href":"https:\/\/dgospel.com.br\/portal\/index.php\/wp-json\/wp\/v2\/posts"}],"about":[{"href":"https:\/\/dgospel.com.br\/portal\/index.php\/wp-json\/wp\/v2\/types\/post"}],"author":[{"embeddable":true,"href":"https:\/\/dgospel.com.br\/portal\/index.php\/wp-json\/wp\/v2\/users\/2"}],"replies":[{"embeddable":true,"href":"https:\/\/dgospel.com.br\/portal\/index.php\/wp-json\/wp\/v2\/comments?post=3108"}],"version-history":[{"count":1,"href":"https:\/\/dgospel.com.br\/portal\/index.php\/wp-json\/wp\/v2\/posts\/3108\/revisions"}],"predecessor-version":[{"id":3110,"href":"https:\/\/dgospel.com.br\/portal\/index.php\/wp-json\/wp\/v2\/posts\/3108\/revisions\/3110"}],"wp:featuredmedia":[{"embeddable":true,"href":"https:\/\/dgospel.com.br\/portal\/index.php\/wp-json\/wp\/v2\/media\/3109"}],"wp:attachment":[{"href":"https:\/\/dgospel.com.br\/portal\/index.php\/wp-json\/wp\/v2\/media?parent=3108"}],"wp:term":[{"taxonomy":"category","embeddable":true,"href":"https:\/\/dgospel.com.br\/portal\/index.php\/wp-json\/wp\/v2\/categories?post=3108"},{"taxonomy":"post_tag","embeddable":true,"href":"https:\/\/dgospel.com.br\/portal\/index.php\/wp-json\/wp\/v2\/tags?post=3108"}],"curies":[{"name":"wp","href":"https:\/\/api.w.org\/{rel}","templated":true}]}}