{"id":3111,"date":"2019-05-09T12:26:38","date_gmt":"2019-05-09T15:26:38","guid":{"rendered":"http:\/\/dgospel.com.br\/portal\/?p=3111"},"modified":"2019-05-09T12:26:38","modified_gmt":"2019-05-09T15:26:38","slug":"bancada-evangelica-da-camara-articulam-para-derrubar-decreto-que-flexibiliza-porte-armas","status":"publish","type":"post","link":"https:\/\/dgospel.com.br\/portal\/index.php\/2019\/05\/09\/bancada-evangelica-da-camara-articulam-para-derrubar-decreto-que-flexibiliza-porte-armas\/","title":{"rendered":"Bancada evang\u00e9lica da C\u00e2mara articulam para derrubar decreto que flexibiliza porte armas"},"content":{"rendered":"<p>Deputados da <strong>bancada evang\u00e9lica<\/strong>\u00a0da\u00a0<strong>C\u00e2mara <\/strong>articulam para tentar derrubar o decreto assinado pelo presidente Jair Bolsonaro que flexibiliza o porte armas. O armamento \u00e9 umas das principais discord\u00e2ncias dos religiosos no Legislativo em rela\u00e7\u00e3o ao governo. Com a for\u00e7a de 195 deputados inscritos,\u00a0o grupo foi fundamental para a elei\u00e7\u00e3o de Bolsonaro.<\/p>\n<p>PSOL, PT e Rede\u00a0j\u00e1 apresentaram projetos de decretos legislativos\u00a0que revogam integralmente a medida. Os deputados evang\u00e9licos, por\u00e9m, n\u00e3o querem apoiar as iniciativas de partidos de esquerda, e sim apresentar um projeto pr\u00f3prio, se for o caso.<\/p>\n<p>A bancada ainda n\u00e3o deliberou formalmente sobre o tema. Um vice-l\u00edder do governo, por\u00e9m, avalia que com a for\u00e7a dos evang\u00e9licos a derrubada do decreto \u00e9 um risco real para o Planalto.<\/p>\n<p>O\u00a0<a href=\"https:\/\/oglobo.globo.com\/brasil\/decreto-de-bolsonaro-flexibiliza-aquisicao-uso-de-armas-municoes-23647801\">decreto assinado pelo presidente<\/a>\u00a0Jair\u00a0<strong>Bolsonaro<\/strong>\u00a0e publicado nesta quarta-feira no Di\u00e1rio Oficial da Uni\u00e3o (DOU) amplia consideravelmente o\u00a0<strong>porte de armas<\/strong>\u00a0para um conjunto de 20 profiss\u00f5es, como pol\u00edticos eleitos, servidores p\u00fablicos que trabalham na \u00e1rea de seguran\u00e7a p\u00fablica, advogados em atua\u00e7\u00e3o p\u00fablica, caminhoneiros, oficiais de Justi\u00e7a, profissionais de imprensa que atuam em coberturas policiais, agentes de tr\u00e2nsito, entre outras categorias. Tamb\u00e9m s\u00e3o contemplados os moradores de propriedades rurais e os propriet\u00e1rios e dirigentes de clubes de tiro.<br \/>\nDe acordo com o texto publicado, as categorias listadas n\u00e3o precisar\u00e3o comprovar &#8220;efetiva necessidade&#8221; para justificar a solicita\u00e7\u00e3o para o porte junto \u00e0 Pol\u00edcia Federal. O Estatuto do Desarmamento, de 2003, prev\u00ea que os pedidos precisam ser acompanhados de comprova\u00e7\u00e3o de aptid\u00e3o t\u00e9cnica, capacidade psicol\u00f3gica, aus\u00eancia de antecedentes criminais e comprova\u00e7\u00e3o de necessidade &#8220;por exerc\u00edcio de atividade profissional de risco&#8221; ou que representem amea\u00e7a \u00e0 integridade f\u00edsica.<\/p>\n<p>Na ter\u00e7a-feira, durante a assinatura do decreto,\u00a0<a href=\"https:\/\/oglobo.globo.com\/brasil\/fomos-no-limite-da-lei-diz-bolsonaro-ao-assinar-decreto-que-flexibiliza-armas-municao-23648008\">Bolsonaro afirmou que o governo foi &#8220;no limite da lei&#8221;<\/a>\u00a0. Segundo ele, o decreto &#8220;n\u00e3o passa por cima da lei&#8221; e &#8220;n\u00e3o inventa nada&#8221;, mas foi at\u00e9 o limite m\u00e1ximo englobado pelo Estatuto.<\/p>\n<p>Fonte:\u00a0oglobo<\/p>\n","protected":false},"excerpt":{"rendered":"<p>Deputados da bancada evang\u00e9lica\u00a0da\u00a0C\u00e2mara articulam para tentar derrubar o decreto assinado pelo presidente Jair Bolsonaro que flexibiliza o porte armas. O armamento \u00e9 umas das principais discord\u00e2ncias dos religiosos no Legislativo em rela\u00e7\u00e3o ao governo. Com a for\u00e7a de 195 deputados inscritos,\u00a0o grupo foi fundamental para a elei\u00e7\u00e3o de Bolsonaro. PSOL, PT e Rede\u00a0j\u00e1 apresentaram [&hellip;]<\/p>\n","protected":false},"author":2,"featured_media":3112,"comment_status":"open","ping_status":"open","sticky":false,"template":"","format":"standard","meta":[],"categories":[8,2,5],"tags":[],"_links":{"self":[{"href":"https:\/\/dgospel.com.br\/portal\/index.php\/wp-json\/wp\/v2\/posts\/3111"}],"collection":[{"href":"https:\/\/dgospel.com.br\/portal\/index.php\/wp-json\/wp\/v2\/posts"}],"about":[{"href":"https:\/\/dgospel.com.br\/portal\/index.php\/wp-json\/wp\/v2\/types\/post"}],"author":[{"embeddable":true,"href":"https:\/\/dgospel.com.br\/portal\/index.php\/wp-json\/wp\/v2\/users\/2"}],"replies":[{"embeddable":true,"href":"https:\/\/dgospel.com.br\/portal\/index.php\/wp-json\/wp\/v2\/comments?post=3111"}],"version-history":[{"count":1,"href":"https:\/\/dgospel.com.br\/portal\/index.php\/wp-json\/wp\/v2\/posts\/3111\/revisions"}],"predecessor-version":[{"id":3113,"href":"https:\/\/dgospel.com.br\/portal\/index.php\/wp-json\/wp\/v2\/posts\/3111\/revisions\/3113"}],"wp:featuredmedia":[{"embeddable":true,"href":"https:\/\/dgospel.com.br\/portal\/index.php\/wp-json\/wp\/v2\/media\/3112"}],"wp:attachment":[{"href":"https:\/\/dgospel.com.br\/portal\/index.php\/wp-json\/wp\/v2\/media?parent=3111"}],"wp:term":[{"taxonomy":"category","embeddable":true,"href":"https:\/\/dgospel.com.br\/portal\/index.php\/wp-json\/wp\/v2\/categories?post=3111"},{"taxonomy":"post_tag","embeddable":true,"href":"https:\/\/dgospel.com.br\/portal\/index.php\/wp-json\/wp\/v2\/tags?post=3111"}],"curies":[{"name":"wp","href":"https:\/\/api.w.org\/{rel}","templated":true}]}}