{"id":3114,"date":"2019-05-09T13:10:36","date_gmt":"2019-05-09T16:10:36","guid":{"rendered":"http:\/\/dgospel.com.br\/portal\/?p=3114"},"modified":"2019-05-09T13:10:36","modified_gmt":"2019-05-09T16:10:36","slug":"projeto-de-lei-aprovado-na-assembleia-proibe-taxa-de-religacao-de-agua-e-energia","status":"publish","type":"post","link":"https:\/\/dgospel.com.br\/portal\/index.php\/2019\/05\/09\/projeto-de-lei-aprovado-na-assembleia-proibe-taxa-de-religacao-de-agua-e-energia\/","title":{"rendered":"Projeto de lei aprovado na Assembleia pro\u00edbe taxa de religa\u00e7\u00e3o de \u00e1gua e energia"},"content":{"rendered":"<p style=\"margin: 0px 0px 10px; font-family: Ubuntu; color: #666666; font-size: 15px;\"><span style=\"background-color: initial;\">O cidad\u00e3o tocantinense n\u00e3o vai mais pagar pela taxa de religa\u00e7\u00e3o de servi\u00e7os de \u00e1gua e luz. \u00c9 o que disp\u00f5e o projeto de lei do deputado Jorge Frederico (MDB) aprovado pelos demais deputados nesta quarta-feira, 8. Para come\u00e7ar a valer, a mat\u00e9ria ainda precisa ser sancionada pelo governador.<\/span><\/p>\n<p style=\"margin: 0px 0px 10px; font-family: Ubuntu; color: #666666; font-size: 15px;\">O projeto determina ainda que a empresa ter\u00e1 prazo de seis horas para restabelecer o fornecimento do servi\u00e7o e o dever de informar sua gratuidade ao cliente por meio de faturas de cobran\u00e7a e s\u00edtios eletr\u00f4nicos.<\/p>\n<p style=\"margin: 0px 0px 10px; font-family: Ubuntu; color: #666666; font-size: 15px;\">Para o autor do projeto \u201cn\u00e3o h\u00e1 o m\u00ednimo de razoabilidade na cobran\u00e7a de qualquer taxa para o restabelecimento do servi\u00e7o que elas mesmas j\u00e1 prestam\u201d.<\/p>\n<p style=\"margin: 0px 0px 10px; font-family: Ubuntu; color: #666666; font-size: 15px;\">Outras mat\u00e9rias<\/p>\n<p style=\"margin: 0px 0px 10px; font-family: Ubuntu; color: #666666; font-size: 15px;\">Os deputados decidiram tamb\u00e9m extinguir a Funda\u00e7\u00e3o R\u00e1dio e TV Assembleia (Fundaleto), e incorporar suas fun\u00e7\u00f5es e cargos entre os cargos comissionados, na estrutura organizacional e no Plano de Cargos e Carreiras dos Servidores do Legislativo.<\/p>\n<p style=\"margin: 0px 0px 10px; font-family: Ubuntu; color: #666666; font-size: 15px;\">Outros projetos de resolu\u00e7\u00e3o aprovados reajustam a tabela de vencimentos dos servidores da Assembleia e disciplinam a verba de gabinete.<\/p>\n<p style=\"margin: 0px 0px 10px; font-family: Ubuntu; color: #666666; font-size: 15px;\">O Minist\u00e9rio P\u00fablico do Estado (MPE) obteve ainda aprova\u00e7\u00e3o para seu projeto sobre o Plano de Cargos, Carreira e Remunera\u00e7\u00e3o. A mat\u00e9ria extingue 11 cargos, transforma-os em 20 outros cargos e reduz a despesa de pessoal em R$ 3.683,01 ao m\u00eas, segundo o MPE.<\/p>\n<p style=\"margin: 0px 0px 10px; font-family: Ubuntu; color: #666666; font-size: 15px;\">Aprovado ainda projeto da deputada Luana Ribeiro (PSDB) que obriga unidade da rede p\u00fablica e privada de sa\u00fade a afixarem placas informativas sobre ado\u00e7\u00e3o de nascituro.<\/p>\n<p style=\"margin: 0px 0px 10px; font-family: Ubuntu; color: #666666; font-size: 15px;\">\n<p style=\"margin: 0px 0px 10px; font-family: Ubuntu; color: #666666; font-size: 15px;\">Por fim, as desembargadoras Jacqueline Adorno, Maysa Vendramini Rosal, Etelvina Felipe e \u00c2ngela Prudente s\u00e3o contempladas com t\u00edtulo de cidadania tocantinense por iniciativa da deputada Valderez Castelo Branco (PP). (Glauber Barros)<\/p>\n","protected":false},"excerpt":{"rendered":"<p>O cidad\u00e3o tocantinense n\u00e3o vai mais pagar pela taxa de religa\u00e7\u00e3o de servi\u00e7os de \u00e1gua e luz. \u00c9 o que disp\u00f5e o projeto de lei do deputado Jorge Frederico (MDB) aprovado pelos demais deputados nesta quarta-feira, 8. Para come\u00e7ar a valer, a mat\u00e9ria ainda precisa ser sancionada pelo governador. O projeto determina ainda que a [&hellip;]<\/p>\n","protected":false},"author":2,"featured_media":3115,"comment_status":"open","ping_status":"open","sticky":false,"template":"","format":"standard","meta":[],"categories":[8],"tags":[],"_links":{"self":[{"href":"https:\/\/dgospel.com.br\/portal\/index.php\/wp-json\/wp\/v2\/posts\/3114"}],"collection":[{"href":"https:\/\/dgospel.com.br\/portal\/index.php\/wp-json\/wp\/v2\/posts"}],"about":[{"href":"https:\/\/dgospel.com.br\/portal\/index.php\/wp-json\/wp\/v2\/types\/post"}],"author":[{"embeddable":true,"href":"https:\/\/dgospel.com.br\/portal\/index.php\/wp-json\/wp\/v2\/users\/2"}],"replies":[{"embeddable":true,"href":"https:\/\/dgospel.com.br\/portal\/index.php\/wp-json\/wp\/v2\/comments?post=3114"}],"version-history":[{"count":1,"href":"https:\/\/dgospel.com.br\/portal\/index.php\/wp-json\/wp\/v2\/posts\/3114\/revisions"}],"predecessor-version":[{"id":3116,"href":"https:\/\/dgospel.com.br\/portal\/index.php\/wp-json\/wp\/v2\/posts\/3114\/revisions\/3116"}],"wp:featuredmedia":[{"embeddable":true,"href":"https:\/\/dgospel.com.br\/portal\/index.php\/wp-json\/wp\/v2\/media\/3115"}],"wp:attachment":[{"href":"https:\/\/dgospel.com.br\/portal\/index.php\/wp-json\/wp\/v2\/media?parent=3114"}],"wp:term":[{"taxonomy":"category","embeddable":true,"href":"https:\/\/dgospel.com.br\/portal\/index.php\/wp-json\/wp\/v2\/categories?post=3114"},{"taxonomy":"post_tag","embeddable":true,"href":"https:\/\/dgospel.com.br\/portal\/index.php\/wp-json\/wp\/v2\/tags?post=3114"}],"curies":[{"name":"wp","href":"https:\/\/api.w.org\/{rel}","templated":true}]}}