{"id":3117,"date":"2019-05-13T14:07:27","date_gmt":"2019-05-13T17:07:27","guid":{"rendered":"http:\/\/dgospel.com.br\/portal\/?p=3117"},"modified":"2019-05-13T14:07:27","modified_gmt":"2019-05-13T17:07:27","slug":"deputado-leo-e-wanderlei-barbosa-promovem-festa-do-dia-das-maes-em-taquarucu","status":"publish","type":"post","link":"https:\/\/dgospel.com.br\/portal\/index.php\/2019\/05\/13\/deputado-leo-e-wanderlei-barbosa-promovem-festa-do-dia-das-maes-em-taquarucu\/","title":{"rendered":"Deputado L\u00e9o e Wanderlei Barbosa promovem festa do dia das m\u00e3es em Taquaru\u00e7u"},"content":{"rendered":"<p>Aconteceu na noite deste sexta-feira, 10, a festa em comemora\u00e7\u00e3o ao Dia das M\u00e3es, no Centro de Conviv\u00eancia Social de Taquaru\u00e7u. A festividade, que contou com a presen\u00e7a de mais de quinhentas m\u00e3es, foi organizada pelo deputado estadual L\u00e9o Barbosa (SD), pelo vice-governador Wanderlei Barbosa (PHS) e tamb\u00e9m contou com o apoio do presidente da C\u00e2mara de Palmas, vereador Marilon Barbosa (PSB).<\/p>\n<p>&nbsp;<\/p>\n<p>Durante a programa\u00e7\u00e3o do evento houve apresenta\u00e7\u00f5es de m\u00fasica e dan\u00e7a, com os alunos do Espa\u00e7o Maria dos Reis, e um momento de homenagem a vinte mulheres da comunidade, entre elas, muitas que chegaram ao distrito de Taquaru\u00e7u h\u00e1 mais de 30 anos. A festa contou ainda com jantar e sorteio de brindes.<\/p>\n<p>&nbsp;<\/p>\n<p>Para Maria das Gra\u00e7as Nascimento, moradora de Taquaru\u00e7u desde 1964 e uma das homenageadas da noite, o reconhecimento e carinho a deixaram muito feliz e lisonjeada. \u201cEstou grata por esta homenagem, ser m\u00e3e \u00e9 uma b\u00ean\u00e7\u00e3o e melhor ainda \u00e9 comemorar assim com festa\u201d, comentou.<\/p>\n<p>&nbsp;<\/p>\n<p>De acordo L\u00e9o Barbosa foi um momento de retribuir todo carinho e cuidado que as m\u00e3es demonstram pelos seus filhos e assim poder confraternizar com elas. \u201c\u00c9 muito gratificante compartilhar este momento com essas mulheres t\u00e3o especiais. N\u00e3o poder\u00edamos deixar de demonstrar tamb\u00e9m o nosso carinho por elas\u201d, ressaltou.<\/p>\n<p>&nbsp;<\/p>\n<p>\u201cVer tantas m\u00e3es aqui me enche de alegria, principalmente por saber que mulheres que constitu\u00edram fam\u00edlias e ajudaram a construir Taquaru\u00e7u puderam ser homenageadas aqui hoje\u201d, completou o parlamentar.<\/p>\n<p>&nbsp;<\/p>\n<p>J\u00e1 o vice-governador Wanderlei Barbosa destacou que o dia das m\u00e3es \u00e9 uma das datas mais importantes para as fam\u00edlias. Ele tamb\u00e9m aproveitou a oportunidade para agradecer a todos que contribu\u00edram para a realiza\u00e7\u00e3o da festa e principalmente a todas as m\u00e3es que estiveram presentes.<\/p>\n","protected":false},"excerpt":{"rendered":"<p>Aconteceu na noite deste sexta-feira, 10, a festa em comemora\u00e7\u00e3o ao Dia das M\u00e3es, no Centro de Conviv\u00eancia Social de Taquaru\u00e7u. A festividade, que contou com a presen\u00e7a de mais de quinhentas m\u00e3es, foi organizada pelo deputado estadual L\u00e9o Barbosa (SD), pelo vice-governador Wanderlei Barbosa (PHS) e tamb\u00e9m contou com o apoio do presidente da [&hellip;]<\/p>\n","protected":false},"author":2,"featured_media":3118,"comment_status":"open","ping_status":"open","sticky":false,"template":"","format":"standard","meta":[],"categories":[2,4],"tags":[],"_links":{"self":[{"href":"https:\/\/dgospel.com.br\/portal\/index.php\/wp-json\/wp\/v2\/posts\/3117"}],"collection":[{"href":"https:\/\/dgospel.com.br\/portal\/index.php\/wp-json\/wp\/v2\/posts"}],"about":[{"href":"https:\/\/dgospel.com.br\/portal\/index.php\/wp-json\/wp\/v2\/types\/post"}],"author":[{"embeddable":true,"href":"https:\/\/dgospel.com.br\/portal\/index.php\/wp-json\/wp\/v2\/users\/2"}],"replies":[{"embeddable":true,"href":"https:\/\/dgospel.com.br\/portal\/index.php\/wp-json\/wp\/v2\/comments?post=3117"}],"version-history":[{"count":1,"href":"https:\/\/dgospel.com.br\/portal\/index.php\/wp-json\/wp\/v2\/posts\/3117\/revisions"}],"predecessor-version":[{"id":3119,"href":"https:\/\/dgospel.com.br\/portal\/index.php\/wp-json\/wp\/v2\/posts\/3117\/revisions\/3119"}],"wp:featuredmedia":[{"embeddable":true,"href":"https:\/\/dgospel.com.br\/portal\/index.php\/wp-json\/wp\/v2\/media\/3118"}],"wp:attachment":[{"href":"https:\/\/dgospel.com.br\/portal\/index.php\/wp-json\/wp\/v2\/media?parent=3117"}],"wp:term":[{"taxonomy":"category","embeddable":true,"href":"https:\/\/dgospel.com.br\/portal\/index.php\/wp-json\/wp\/v2\/categories?post=3117"},{"taxonomy":"post_tag","embeddable":true,"href":"https:\/\/dgospel.com.br\/portal\/index.php\/wp-json\/wp\/v2\/tags?post=3117"}],"curies":[{"name":"wp","href":"https:\/\/api.w.org\/{rel}","templated":true}]}}