{"id":312,"date":"2018-05-23T11:54:36","date_gmt":"2018-05-23T14:54:36","guid":{"rendered":"http:\/\/dgospel.com.br\/portal\/?p=312"},"modified":"2018-05-23T11:54:36","modified_gmt":"2018-05-23T14:54:36","slug":"teresina-sediara-29a-conferencia-de-escola-dominical","status":"publish","type":"post","link":"https:\/\/dgospel.com.br\/portal\/index.php\/2018\/05\/23\/teresina-sediara-29a-conferencia-de-escola-dominical\/","title":{"rendered":"Teresina sediar\u00e1 29\u00aa Confer\u00eancia de Escola Dominical"},"content":{"rendered":"<p>Com o tema<em>\u00a0&#8220;No princ\u00edpio era a palavra&#8221; (Jo\u00e3o 1.1)<\/em>, a Casa Publicadora das Assembleias de Deus (CPAD) realizar\u00e1 no segundo semestre de 2018, mais uma Confer\u00eancia de Escola Dominical. A 29\u00aa edi\u00e7\u00e3o acontecer\u00e1 em Teresina (PI), na Conven\u00e7\u00e3o Estadual Assembleias de Deus do Estado do Piau\u00ed (CEADEP), entre os dias 08 e 11 de agosto.<\/p>\n<p>Os interessados poder\u00e3o fazer sua inscri\u00e7\u00e3o pelo\u00a0<a href=\"http:\/\/www.eventoscpad.com.br\/29conferenciaed\/\">site oficial (www.eventoscpad.com.br\/29conferenciaed)<\/a>. Basta preencher o formul\u00e1rio e efetuar o pagamento.<\/p>\n<p>Entre os preletores convidados para o evento est\u00e3o os pastores Claudionor de Andrade, Esequias Soares, Jos\u00e9 Gon\u00e7alves, Douglas Baptista, Alexandre Coelho, Claiton Pommerening, Esdras Bentho, Eliezer Moraes, Jamiel Lopes e Valmir Nascimento; as professoras Helena Figueiredo, Telma Bueno, Joane Bentes, Anita Oyaizu e Sil\u00e9ia Chiquini; e as psic\u00f3logas, Elaine Cruz e Valqu\u00edria Salinas.<\/p>\n<p>O evento conta ainda com a participa\u00e7\u00e3o dos adoradores com selo\u00a0<em>CPAD Music,<\/em>\u00a0como Victorino Silva, L\u00edlia Paz e Marcelo Santos. Fique atento! Em breve mais informa\u00e7\u00f5es sobre as inscri\u00e7\u00f5es e programa\u00e7\u00e3o aqui e no site da\u00a0<a href=\"http:\/\/www.cpadeventos.com.br\/home\/index.php\/agendaeventos\/item\/493-vem-ai-a-29-conferencia-de-escola-dominical\">CPAD Eventos<\/a>.<\/p>\n<p><strong>Servi\u00e7o:<\/strong><br \/>\nInforma\u00e7\u00f5es e inscri\u00e7\u00f5es: (21) 2406 &#8211; 7390\/2406-7352<br \/>\nWhatsApp: (21) 96453-1287 \/ 96452-2990<br \/>\nE-mail: eventos@cpad.com.br<br \/>\nLocal: Conven\u00e7\u00e3o Estadual Assembleias de Deus do Estado do Piau\u00ed, R. Jacob Martins, 791 &#8211; Parque S\u00e3o Jo\u00e3o, Teresina &#8211; PI, CEP 64020-110.<\/p>\n<p>&nbsp;<\/p>\n<p>&nbsp;<\/p>\n","protected":false},"excerpt":{"rendered":"<p>Com o tema\u00a0&#8220;No princ\u00edpio era a palavra&#8221; (Jo\u00e3o 1.1), a Casa Publicadora das Assembleias de Deus (CPAD) realizar\u00e1 no segundo semestre de 2018, mais uma Confer\u00eancia de Escola Dominical. A 29\u00aa edi\u00e7\u00e3o acontecer\u00e1 em Teresina (PI), na Conven\u00e7\u00e3o Estadual Assembleias de Deus do Estado do Piau\u00ed (CEADEP), entre os dias 08 e 11 de agosto. [&hellip;]<\/p>\n","protected":false},"author":2,"featured_media":313,"comment_status":"open","ping_status":"open","sticky":false,"template":"","format":"standard","meta":[],"categories":[2,5],"tags":[],"_links":{"self":[{"href":"https:\/\/dgospel.com.br\/portal\/index.php\/wp-json\/wp\/v2\/posts\/312"}],"collection":[{"href":"https:\/\/dgospel.com.br\/portal\/index.php\/wp-json\/wp\/v2\/posts"}],"about":[{"href":"https:\/\/dgospel.com.br\/portal\/index.php\/wp-json\/wp\/v2\/types\/post"}],"author":[{"embeddable":true,"href":"https:\/\/dgospel.com.br\/portal\/index.php\/wp-json\/wp\/v2\/users\/2"}],"replies":[{"embeddable":true,"href":"https:\/\/dgospel.com.br\/portal\/index.php\/wp-json\/wp\/v2\/comments?post=312"}],"version-history":[{"count":1,"href":"https:\/\/dgospel.com.br\/portal\/index.php\/wp-json\/wp\/v2\/posts\/312\/revisions"}],"predecessor-version":[{"id":314,"href":"https:\/\/dgospel.com.br\/portal\/index.php\/wp-json\/wp\/v2\/posts\/312\/revisions\/314"}],"wp:featuredmedia":[{"embeddable":true,"href":"https:\/\/dgospel.com.br\/portal\/index.php\/wp-json\/wp\/v2\/media\/313"}],"wp:attachment":[{"href":"https:\/\/dgospel.com.br\/portal\/index.php\/wp-json\/wp\/v2\/media?parent=312"}],"wp:term":[{"taxonomy":"category","embeddable":true,"href":"https:\/\/dgospel.com.br\/portal\/index.php\/wp-json\/wp\/v2\/categories?post=312"},{"taxonomy":"post_tag","embeddable":true,"href":"https:\/\/dgospel.com.br\/portal\/index.php\/wp-json\/wp\/v2\/tags?post=312"}],"curies":[{"name":"wp","href":"https:\/\/api.w.org\/{rel}","templated":true}]}}