{"id":3126,"date":"2019-05-14T12:02:52","date_gmt":"2019-05-14T15:02:52","guid":{"rendered":"http:\/\/dgospel.com.br\/portal\/?p=3126"},"modified":"2019-05-14T12:02:52","modified_gmt":"2019-05-14T15:02:52","slug":"em-retiro-espiritual-cantora-simone-diz-eu-trabalho-no-mundo-mas-nao-pertenco-a-ele","status":"publish","type":"post","link":"https:\/\/dgospel.com.br\/portal\/index.php\/2019\/05\/14\/em-retiro-espiritual-cantora-simone-diz-eu-trabalho-no-mundo-mas-nao-pertenco-a-ele\/","title":{"rendered":"Em retiro espiritual cantora Simone diz: &#8220;Eu trabalho no mundo, mas n\u00e3o perten\u00e7o a ele&#8221;"},"content":{"rendered":"<p>Simone (da dupla Simone e Sim\u00e1ria)\u00a0<strong><a href=\"https:\/\/guiame.com.br\/gospel\/noticias\/e-incrivel-ver-os-sinais-da-gloria-de-deus-diz-simone-apos-periodo-de-oracao.html\">voltou \u00e0 Est\u00e2ncia Para\u00edso<\/a><\/strong>, em Sabar\u00e1 (MG), para mais um tempo de\u00a0<strong><a href=\"https:\/\/guiame.com.br\/gospel\/noticias\/wesley-safadao-e-batizado-durante-retiro-espiritual-em-minas-gerais.html\">retiro espiritual<\/a><\/strong>\u00a0e compartilhou sobre as experi\u00eancias espirituais que tem vivenciado e como tem sentido Deus falar ao seu cora\u00e7\u00e3o.<\/p>\n<p><iframe loading=\"lazy\" title=\"Na Est\u00e2ncia Para\u00edso, Simone (dupla Simone e Simaria) fala detalhes da sua hist\u00f3ria e vida com Deus\" width=\"630\" height=\"354\" src=\"https:\/\/www.youtube.com\/embed\/tA-71sb1hQs?feature=oembed\" frameborder=\"0\" allow=\"accelerometer; autoplay; encrypted-media; gyroscope; picture-in-picture\" allowfullscreen><\/iframe><\/p>\n<p>A cantora, que agora est\u00e1 em pausa na carreira secular, est\u00e1 aproveitando o momento para um tempo de renovo na Est\u00e2ncia e conversou com C\u00e9liton Giordano sobre sua espiritualidade.<\/p>\n<p>&#8220;Eu gosto muito de falar com Deus quando estou no meu quarto, no meu trabalho, quando estou no avi\u00e3o. Nossa, como eu gosto de falar com Deus no avi\u00e3o! Parece que eu estou t\u00e3o pr\u00f3xima Dele&#8221;, afirmou a cantora.<\/p>\n<p><strong>Testemunho de livramento<\/strong><\/p>\n<p>Simone relatou que at\u00e9 hoje se emociona ao se lembrar dos livramentos que Deus j\u00e1 lhe deu, tornando-os experi\u00eancias impactantes em sua vida.<\/p>\n<p>&#8220;Uma vez, a gente estava indo dentro de um \u00f4nibus para fazer um show, estava uma chuva muito forte. O nosso \u00f4nibus estava seguindo, e nisso, havia uma curva e uma carreta tirou um fino do nosso \u00f4nibus. O nosso motorista freou ali, conseguiu parar no acostamento e nos disse: &#8216;a carreta que passou por n\u00f3s n\u00e3o virou, mas a S10 que estava atr\u00e1s virou. Vamos ajudar!&#8221;, contou. &#8220;Todo mundo desceu correndo do nosso \u00f4nibus. Quando chegamos l\u00e1, havia uma fam\u00edlia: mulher, marido e duas filhas&#8221;.<\/p>\n<p>As filhas do casal estavam bem, mas o carro havia capotado e os pais ficaram presos no interior do ve\u00edculo.<\/p>\n<p>&#8220;O carro estava todo acabado, mas ainda funcionava o som. Quando abrimos a porta do carro, estava tocando um louvor que dizia assim: &#8216;Voc\u00ea tem o valor, o Esp\u00edrito Santo se move em voc\u00ea&#8230;&#8217;. Aquele louvor entrou no meu cora\u00e7\u00e3o e a B\u00edblia estava ali. A fam\u00edlia era evang\u00e9lica&#8221;, acrescentou. &#8220;Quando eu abri a porta para salvar aquelas vidas e ouvi aquele louvor tocando, eu vi o quanto eu era preciosa para Deus, o quanto Ele me ama e quantos livramentos Ele tem me dado&#8221;<\/p>\n<p><strong>&#8220;Estou no mundo, mas n\u00e3o sou do mundo&#8221;<\/strong><\/p>\n<p>A cantora reconheceu que entende n\u00e3o ser f\u00e1cil a aceita\u00e7\u00e3o de sua figura entre muitos crist\u00e3os, mas assegurou que tem buscado amadurecer em sua caminhada com Jesus e acredita que Deus tem um prop\u00f3sito para sua vida.<\/p>\n<p>&#8220;Talvez, para os religiosos seja dif\u00edcil me olhar. Mas eu sou uma pessoa que trabalha no mundo, mas n\u00e3o pertence a ele. Eu sei que a caminhada ainda \u00e9 muito longa, mas eu sou feliz, sou grata a Deus, porque mesmo nessa loucura toda, mesmo nessa confus\u00e3o de eu ainda estar trabalhando onde eu trabalho, por permiss\u00e3o de Deus, da forma que Deus quer, eu vou resgatando outras vidas. Eu louvo a Deus por isso, por permitir resgatar outras vidas em lugares que outras pessoas n\u00e3o conseguem chegar&#8221;, destacou.<\/p>\n<p>&#8220;Quero agradecer pela oportunidade de falar um pouco mais sobre as minhas experi\u00eancias com Deus e dizer que se voc\u00ea ainda n\u00e3o veio para c\u00e1, venha. Porque a partir do momento que voc\u00ea experimentar o que \u00e9 ser filho do pai, quando voc\u00ea for tratada como filha, tudo vai fazer a diferen\u00e7a na sua vida, tudo vai mudar. E a\u00ed voc\u00ea vai trazer mais e mais [pessoas] para serem curadas e tocadas aqui dentro&#8221;, acrescentou.<\/p>\n","protected":false},"excerpt":{"rendered":"<p>Simone (da dupla Simone e Sim\u00e1ria)\u00a0voltou \u00e0 Est\u00e2ncia Para\u00edso, em Sabar\u00e1 (MG), para mais um tempo de\u00a0retiro espiritual\u00a0e compartilhou sobre as experi\u00eancias espirituais que tem vivenciado e como tem sentido Deus falar ao seu cora\u00e7\u00e3o. A cantora, que agora est\u00e1 em pausa na carreira secular, est\u00e1 aproveitando o momento para um tempo de renovo na [&hellip;]<\/p>\n","protected":false},"author":2,"featured_media":3127,"comment_status":"open","ping_status":"open","sticky":false,"template":"","format":"standard","meta":[],"categories":[2,5],"tags":[],"_links":{"self":[{"href":"https:\/\/dgospel.com.br\/portal\/index.php\/wp-json\/wp\/v2\/posts\/3126"}],"collection":[{"href":"https:\/\/dgospel.com.br\/portal\/index.php\/wp-json\/wp\/v2\/posts"}],"about":[{"href":"https:\/\/dgospel.com.br\/portal\/index.php\/wp-json\/wp\/v2\/types\/post"}],"author":[{"embeddable":true,"href":"https:\/\/dgospel.com.br\/portal\/index.php\/wp-json\/wp\/v2\/users\/2"}],"replies":[{"embeddable":true,"href":"https:\/\/dgospel.com.br\/portal\/index.php\/wp-json\/wp\/v2\/comments?post=3126"}],"version-history":[{"count":1,"href":"https:\/\/dgospel.com.br\/portal\/index.php\/wp-json\/wp\/v2\/posts\/3126\/revisions"}],"predecessor-version":[{"id":3128,"href":"https:\/\/dgospel.com.br\/portal\/index.php\/wp-json\/wp\/v2\/posts\/3126\/revisions\/3128"}],"wp:featuredmedia":[{"embeddable":true,"href":"https:\/\/dgospel.com.br\/portal\/index.php\/wp-json\/wp\/v2\/media\/3127"}],"wp:attachment":[{"href":"https:\/\/dgospel.com.br\/portal\/index.php\/wp-json\/wp\/v2\/media?parent=3126"}],"wp:term":[{"taxonomy":"category","embeddable":true,"href":"https:\/\/dgospel.com.br\/portal\/index.php\/wp-json\/wp\/v2\/categories?post=3126"},{"taxonomy":"post_tag","embeddable":true,"href":"https:\/\/dgospel.com.br\/portal\/index.php\/wp-json\/wp\/v2\/tags?post=3126"}],"curies":[{"name":"wp","href":"https:\/\/api.w.org\/{rel}","templated":true}]}}