{"id":3141,"date":"2019-05-15T12:53:20","date_gmt":"2019-05-15T15:53:20","guid":{"rendered":"http:\/\/dgospel.com.br\/portal\/?p=3141"},"modified":"2019-05-15T12:53:20","modified_gmt":"2019-05-15T15:53:20","slug":"tocantins-lanca-campanha-de-transito-em-apoio-ao-maio-amarelo","status":"publish","type":"post","link":"https:\/\/dgospel.com.br\/portal\/index.php\/2019\/05\/15\/tocantins-lanca-campanha-de-transito-em-apoio-ao-maio-amarelo\/","title":{"rendered":"Tocantins lan\u00e7a campanha de tr\u00e2nsito em apoio ao Maio Amarelo"},"content":{"rendered":"<p>Como um dos apoiadores do movimento Maio Amarelo, o Governo do Tocantins lan\u00e7ou, no in\u00edcio deste m\u00eas, uma campanha de preven\u00e7\u00e3o a acidentes de tr\u00e2nsito e a favor da seguran\u00e7a vi\u00e1ria. Conforme a diretora de Publicidade da Secretaria de Estado da Comunica\u00e7\u00e3o (Secom), Andrea Reis, o objetivo \u00e9 alertar a popula\u00e7\u00e3o para os altos \u00edndices de acidentes e mortes no tr\u00e2nsito.<\/p>\n<p>\u201cO Maio Amarelo \u00e9 uma a\u00e7\u00e3o coordenada entre o poder p\u00fablico e a sociedade civil. A inten\u00e7\u00e3o \u00e9 colocar em pauta o tema seguran\u00e7a vi\u00e1ria e mobilizar os diversos segmentos para efetivamente discutir o tema, engajar-se em a\u00e7\u00f5es e propagar o conhecimento, abordando toda a amplitude que a quest\u00e3o do tr\u00e2nsito exige, nas mais diferentes esferas\u201d, explicou Andrea Reis.<\/p>\n<p>O tema aprovado pelo Conselho Nacional de Tr\u00e2nsito (Contran) para o Maio Amarelo deste ano foi\u00a0<em>\u201cNo tr\u00e2nsito, o sentido \u00e9 a vida\u201d<\/em>. \u201cCom a campanha, n\u00f3s procuramos estimular todos os condutores, pedestres e passageiros a decidirem por um tr\u00e2nsito que seja mais preventivo, humano e, consequentemente, seguro\u201d, afirmou a diretora da Secom.<\/p>\n<p>As pe\u00e7as da campanha\u00a0<em>&#8220;Me ou\u00e7a &#8211; Ouvir o conselho de quem te ama faz todo o sentido&#8221;<\/em>\u00a0est\u00e3o sendo veiculadas na internet, em sites locais e nos institucionais do Governo, e\u00a0<em>spots<\/em>\u00a0nas r\u00e1dios do estado. \u201cAl\u00e9m disso, estamos trabalhando em conjunto com o setor de Redes Sociais da Secom e tamb\u00e9m por meio de a\u00e7\u00f5es presenciais com colagem de cartazes em locais de grande circula\u00e7\u00e3o de pessoas, distribui\u00e7\u00e3o de flyers em pontos estrat\u00e9gicos e nas blitze educativas e exposi\u00e7\u00e3o de faixas e banners em a\u00e7\u00f5es de rua\u201d, informou Andrea Reis.<\/p>\n<p><strong>Campanha Colaborativa<\/strong><\/p>\n<p>De acordo com o secret\u00e1rio de Estado da Comunica\u00e7\u00e3o, Jo\u00e3o Neto, a campanha tem um formato colaborativo, o que faz com que haja uma economicidade em gastos com cria\u00e7\u00e3o e produ\u00e7\u00e3o das pe\u00e7as. \u201cO conte\u00fado \u00e9 feito pela equipe do Maio Amarelo e repassado aos parceiros. Neste caso, o Governo est\u00e1 colaborando com a parte da veicula\u00e7\u00e3o e adapta\u00e7\u00e3o das pe\u00e7as com informa\u00e7\u00f5es locais\u201d, afirmou.<\/p>\n<p>As a\u00e7\u00f5es do Maio Amarelo seguem at\u00e9 o dia 31 deste m\u00eas. Os demais segmentos da sociedade que queiram apoiar a campanha podem entrar em contato com o Departamento Estadual de Tr\u00e2nsito (Detran) ou acessar o site\u00a0<a href=\"http:\/\/www.maioamarelo.com.br\/\" target=\"_blank\" rel=\"noopener\">www.maioamarelo.com.br<\/a><a href=\"http:\/\/www.maioamarelo.com.br.\/\">.<\/a><\/p>\n<p><strong>Anjos da Noite<\/strong><\/p>\n<p>Al\u00e9m do apoio ao Maio Amarelo, o Governo do Tocantins prepara o lan\u00e7amento do projeto\u00a0<em>Anjos da Noite,<\/em>\u00a0voltada para desenvolver a\u00e7\u00f5es educativas e de fiscaliza\u00e7\u00e3o com foco no combate \u00e0 mistura de bebida alco\u00f3lica e dire\u00e7\u00e3o.<\/p>\n<p>O p\u00fablico-alvo da a\u00e7\u00e3o s\u00e3o os jovens que possuem entre 25 e 34 anos, faixa que lidera o ranking nacional de pessoas que admitem dirigir sob o efeito de bebidas alco\u00f3licas. O\u00a0Anjo da Noite\u00a0\u00e9 uma esp\u00e9cie de \u201cAmigo da Vez\u201d, papel da pessoa que n\u00e3o bebe e leva os amigos que consumiram \u00e1lcool para casa em total seguran\u00e7a.<\/p>\n<p>A abordagem ser\u00e1 realizada de forma descontra\u00edda, com elementos de intera\u00e7\u00e3o que possam transmitir a mensagem e conscientizar o condutor para um tr\u00e2nsito seguro. Nesta primeira etapa, tamb\u00e9m ser\u00e1 sugerido parcerias com taxistas, moto taxistas, ubers e donos dos estabelecimentos comerciais.<\/p>\n<p>Integra o projeto, o Departamento Estadual de Tr\u00e2nsito (Detran); a Ag\u00eancia Tocantinense de Transportes e Obras (Ageto); o Corpo de Bombeiros Militar (CBM); a Pol\u00edcia Militar (PM); as secretarias de Estado da Comunica\u00e7\u00e3o (Secom); da Seguran\u00e7a P\u00fablica (SSP); da Educa\u00e7\u00e3o, Juventude e Esporte (Seduc); da Sa\u00fade (SES); al\u00e9m dos munic\u00edpios de Palmas, Aragua\u00edna e Gurupi.<\/p>\n","protected":false},"excerpt":{"rendered":"<p>Como um dos apoiadores do movimento Maio Amarelo, o Governo do Tocantins lan\u00e7ou, no in\u00edcio deste m\u00eas, uma campanha de preven\u00e7\u00e3o a acidentes de tr\u00e2nsito e a favor da seguran\u00e7a vi\u00e1ria. Conforme a diretora de Publicidade da Secretaria de Estado da Comunica\u00e7\u00e3o (Secom), Andrea Reis, o objetivo \u00e9 alertar a popula\u00e7\u00e3o para os altos \u00edndices [&hellip;]<\/p>\n","protected":false},"author":2,"featured_media":3142,"comment_status":"open","ping_status":"open","sticky":false,"template":"","format":"standard","meta":[],"categories":[2,3],"tags":[],"_links":{"self":[{"href":"https:\/\/dgospel.com.br\/portal\/index.php\/wp-json\/wp\/v2\/posts\/3141"}],"collection":[{"href":"https:\/\/dgospel.com.br\/portal\/index.php\/wp-json\/wp\/v2\/posts"}],"about":[{"href":"https:\/\/dgospel.com.br\/portal\/index.php\/wp-json\/wp\/v2\/types\/post"}],"author":[{"embeddable":true,"href":"https:\/\/dgospel.com.br\/portal\/index.php\/wp-json\/wp\/v2\/users\/2"}],"replies":[{"embeddable":true,"href":"https:\/\/dgospel.com.br\/portal\/index.php\/wp-json\/wp\/v2\/comments?post=3141"}],"version-history":[{"count":1,"href":"https:\/\/dgospel.com.br\/portal\/index.php\/wp-json\/wp\/v2\/posts\/3141\/revisions"}],"predecessor-version":[{"id":3143,"href":"https:\/\/dgospel.com.br\/portal\/index.php\/wp-json\/wp\/v2\/posts\/3141\/revisions\/3143"}],"wp:featuredmedia":[{"embeddable":true,"href":"https:\/\/dgospel.com.br\/portal\/index.php\/wp-json\/wp\/v2\/media\/3142"}],"wp:attachment":[{"href":"https:\/\/dgospel.com.br\/portal\/index.php\/wp-json\/wp\/v2\/media?parent=3141"}],"wp:term":[{"taxonomy":"category","embeddable":true,"href":"https:\/\/dgospel.com.br\/portal\/index.php\/wp-json\/wp\/v2\/categories?post=3141"},{"taxonomy":"post_tag","embeddable":true,"href":"https:\/\/dgospel.com.br\/portal\/index.php\/wp-json\/wp\/v2\/tags?post=3141"}],"curies":[{"name":"wp","href":"https:\/\/api.w.org\/{rel}","templated":true}]}}