{"id":315,"date":"2018-05-23T12:54:32","date_gmt":"2018-05-23T15:54:32","guid":{"rendered":"http:\/\/dgospel.com.br\/portal\/?p=315"},"modified":"2018-05-23T12:54:32","modified_gmt":"2018-05-23T15:54:32","slug":"projeto-de-wanderlei-que-proibe-apreensao-de-veiculos-com-ipva-em-atraso-se-torna-referencia-no-maranhao","status":"publish","type":"post","link":"https:\/\/dgospel.com.br\/portal\/index.php\/2018\/05\/23\/projeto-de-wanderlei-que-proibe-apreensao-de-veiculos-com-ipva-em-atraso-se-torna-referencia-no-maranhao\/","title":{"rendered":"Projeto de Wanderlei que pro\u00edbe apreens\u00e3o de ve\u00edculos com IPVA em atraso se torna refer\u00eancia no Maranh\u00e3o"},"content":{"rendered":"<p style=\"font-weight: 400;\">Impedir ve\u00edculos com IPVA atrasado. Esse \u00e9 o objetivo tamb\u00e9m do decreto do Governador do Maranh\u00e3o, Fl\u00e1vio Dino(PCdoB), queutilizou como refer\u00eancia o projeto de autoria do deputado estadual do Tocantins, Wanderlei Barbosa (PHS), sancionado pelo governador interino Mauro Carlesse (PHS).<\/p>\n<p style=\"font-weight: 400;\">A Lei Estadual n\u00ba 3.361\/2018, que pro\u00edbe apreens\u00e3o de ve\u00edculos exclusivamente por d\u00e9bito referente ao Imposto sobre Propriedade de Ve\u00edculos Automotores (IPVA), come\u00e7ou a valer no Estado do Tocantins em 04 de abril, dia que foi sancionado.<\/p>\n<p style=\"font-weight: 400;\">Na manh\u00e3 de ter\u00e7a-feira, 8 de maio, o deputado do Maranh\u00e3o Rog\u00e9rio Cafeteria (PSB), l\u00edder da bancada governista, anunciou na tribuna da Assembleia Legislativa o decreto do Governador Fl\u00e1vio Dino.\u00a0O decreto sancionado pelo executivo maranhense tem validade de 90 dias e durante esse per\u00edodo, precisa passar por vota\u00e7\u00e3o na Assembleia para tornar lei. Caso n\u00e3o aconte\u00e7a, ele perde validade.<\/p>\n<p style=\"font-weight: 400;\">A mat\u00e9ria do Tocantins protege os propriet\u00e1rios que t\u00eam o carro licenciado, com vistoria em dia impedindo que carros e motocicletas sejam recolhidos aos p\u00e1tios pelo Detran quando estiverem somente com o imposto atrasado.<\/p>\n<p style=\"font-weight: 400;\">De acordo com o texto aprovado, os propriet\u00e1rios com o IPVA atrasado ser\u00e3o apenas multados. J\u00e1 os condutores com irregularidades junto ao Detran n\u00e3o ser\u00e3o beneficiados com a lei.<\/p>\n<p style=\"font-weight: 400;\">Para o deputado Wanderlei, o governo do Estado j\u00e1 disp\u00f5e de meios coercitivos leg\u00edtimos para a cobran\u00e7a de tributos, a exemplo da inscri\u00e7\u00e3o em d\u00edvida ativa e a execu\u00e7\u00e3o fiscal. \u201cO objetivo do meu projeto n\u00e3o \u00e9 defender os devedores, mas evitar atos arbitr\u00e1rios\u201d informou Barbosa.<\/p>\n","protected":false},"excerpt":{"rendered":"<p>Impedir ve\u00edculos com IPVA atrasado. Esse \u00e9 o objetivo tamb\u00e9m do decreto do Governador do Maranh\u00e3o, Fl\u00e1vio Dino(PCdoB), queutilizou como refer\u00eancia o projeto de autoria do deputado estadual do Tocantins, Wanderlei Barbosa (PHS), sancionado pelo governador interino Mauro Carlesse (PHS). A Lei Estadual n\u00ba 3.361\/2018, que pro\u00edbe apreens\u00e3o de ve\u00edculos exclusivamente por d\u00e9bito referente ao [&hellip;]<\/p>\n","protected":false},"author":2,"featured_media":316,"comment_status":"open","ping_status":"open","sticky":false,"template":"","format":"standard","meta":[],"categories":[8,2],"tags":[],"_links":{"self":[{"href":"https:\/\/dgospel.com.br\/portal\/index.php\/wp-json\/wp\/v2\/posts\/315"}],"collection":[{"href":"https:\/\/dgospel.com.br\/portal\/index.php\/wp-json\/wp\/v2\/posts"}],"about":[{"href":"https:\/\/dgospel.com.br\/portal\/index.php\/wp-json\/wp\/v2\/types\/post"}],"author":[{"embeddable":true,"href":"https:\/\/dgospel.com.br\/portal\/index.php\/wp-json\/wp\/v2\/users\/2"}],"replies":[{"embeddable":true,"href":"https:\/\/dgospel.com.br\/portal\/index.php\/wp-json\/wp\/v2\/comments?post=315"}],"version-history":[{"count":1,"href":"https:\/\/dgospel.com.br\/portal\/index.php\/wp-json\/wp\/v2\/posts\/315\/revisions"}],"predecessor-version":[{"id":317,"href":"https:\/\/dgospel.com.br\/portal\/index.php\/wp-json\/wp\/v2\/posts\/315\/revisions\/317"}],"wp:featuredmedia":[{"embeddable":true,"href":"https:\/\/dgospel.com.br\/portal\/index.php\/wp-json\/wp\/v2\/media\/316"}],"wp:attachment":[{"href":"https:\/\/dgospel.com.br\/portal\/index.php\/wp-json\/wp\/v2\/media?parent=315"}],"wp:term":[{"taxonomy":"category","embeddable":true,"href":"https:\/\/dgospel.com.br\/portal\/index.php\/wp-json\/wp\/v2\/categories?post=315"},{"taxonomy":"post_tag","embeddable":true,"href":"https:\/\/dgospel.com.br\/portal\/index.php\/wp-json\/wp\/v2\/tags?post=315"}],"curies":[{"name":"wp","href":"https:\/\/api.w.org\/{rel}","templated":true}]}}