{"id":3151,"date":"2019-05-17T11:14:22","date_gmt":"2019-05-17T14:14:22","guid":{"rendered":"http:\/\/dgospel.com.br\/portal\/?p=3151"},"modified":"2019-05-17T11:14:22","modified_gmt":"2019-05-17T14:14:22","slug":"prefeitura-reabre-periodo-de-inscricao-para-escolha-de-conselheiros-tutelares-de-palmas","status":"publish","type":"post","link":"https:\/\/dgospel.com.br\/portal\/index.php\/2019\/05\/17\/prefeitura-reabre-periodo-de-inscricao-para-escolha-de-conselheiros-tutelares-de-palmas\/","title":{"rendered":"Prefeitura reabre per\u00edodo de inscri\u00e7\u00e3o para escolha de Conselheiros Tutelares de Palmas"},"content":{"rendered":"<p>A Prefeitura de Palmas, por meio da Secretaria Municipal de Desenvolvimento Social (Sedes) e Conselho Municipal dos Direitos da Crian\u00e7a e do Adolescente (CMDCA), reabriu o prazo para as inscri\u00e7\u00f5es do processo de escolha dos membros dos Conselhos Tutelares, para o quadri\u00eanio 2020\/2023. O prazo segue at\u00e9 o pr\u00f3ximo dia 24 deste m\u00eas.<\/p>\n<p>&nbsp;<\/p>\n<p>A decis\u00e3o foi baseada na san\u00e7\u00e3o da Lei 13.824, publicada no dia 09 de maio de 2019, a qual altera o art. 132 da Lei n\u00ba 8.069, de 13 de julho de 1990 (Estatuto da Crian\u00e7a e do Adolescente) e disp\u00f5e sobre a recondu\u00e7\u00e3o dos conselheiros tutelares aos cargos ocupados anteriormente.<\/p>\n<p>&nbsp;<\/p>\n<p>Os membros do Conselho Tutelar ser\u00e3o escolhidos mediante o sufr\u00e1gio universal, direto, secreto e facultativo dos eleitores do munic\u00edpio de Palmas, no dia 06 de outubro de 2019, sendo a posse dos eleitos e seus respectivos suplentes, prevista para 10 de janeiro de 2020.<\/p>\n<p>&nbsp;<\/p>\n<p>Para escolher os Conselheiros Tutelares, os eleitores dever\u00e3o estar com a inscri\u00e7\u00e3o do t\u00edtulo eleitoral regularizada junto ao Tribunal Regional Eleitoral (TRE) at\u00e9 o dia 05 de julho de 2019.<\/p>\n<p>&nbsp;<\/p>\n<p>Os interessados em participar do pleito, dever\u00e3o procurar a sede do Conselho Municipal dos Direitos da Crian\u00e7a e do Adolescente de Palmas, situado \u00e0 Avenida Juscelino Kubitschek, Qd 104 sul, Conjunto 01, n\u00b0 120 &#8211; Plano Diretor Sul, Palmas \u2013 TO, pr\u00e9dio do Resolve Palmas Centro, 2\u00ba piso, nesta cidade, das 14h \u00e0s 17h, munidos dos documentos abaixo relacionados, originais e c\u00f3pias, conforme ANEXO IV do edital CMDCA N\u00ba 001\/2019.<\/p>\n<p>&nbsp;<\/p>\n<p>Documentos a serem apresentados no ato da inscri\u00e7\u00e3o:<\/p>\n<p>&nbsp;<\/p>\n<p>1- Ficha de inscri\u00e7\u00e3o preenchida e assinada pelo(a) candidato(a)<\/p>\n<p>2- Requerimento preenchido e assinado pelo(a) candidato(a)<\/p>\n<p>3- Uma fotografia (3&#215;4) atual<\/p>\n<p>4- CPF<\/p>\n<p>5- RG<\/p>\n<p>6- T\u00edtulo Eleitoral e comprovante de vota\u00e7\u00e3o da \u00faltima elei\u00e7\u00e3o<\/p>\n<p>7- Certificado de reservista, sendo o candidato do sexo masculino<\/p>\n<p>8- Comprovante de escolaridade<\/p>\n<p>9- Certid\u00e3o Negativa de Antecedentes Criminais da Justi\u00e7a Estadual, expedida pelo Cart\u00f3rio Distribuidor do F\u00f3rum da Comarca de Palmas \u2013 TO, pessoalmente ou pela internet pelo link:\u00a0<a href=\"https:\/\/eproc1.tjto.jus.br\/eprocV2_prod_1grau\/externo_controlador.php?acao=cj_online\" target=\"_blank\" rel=\"nofollow noopener\">https:\/\/eproc1.tjto.jus.br\/eprocV2_prod_1grau\/externo_controlador.php?acao=cj_online<\/a><\/p>\n<p>10- Certid\u00e3o de Antecedentes Criminais, expedida pela Pol\u00edcia Federal ou Instituto de Identifica\u00e7\u00e3o pessoalmente ou pela internet pelo link:<a href=\"http:\/\/www.pf.gov.br\/servicos-pf\/antecedentes-criminais\" target=\"_blank\" rel=\"nofollow noopener\">http:\/\/www.pf.gov.br\/servicos-pf\/antecedentes-criminais<\/a><\/p>\n<p>11- Comprovar que n\u00e3o responde processo por improbidade administrativa<\/p>\n<p>12- Declara\u00e7\u00e3o de nada consta emitida pelo CMDCA para os candidatos que tiverem exercido o mandato de conselheiro tutelar como titular\/suplente<\/p>\n<p>13- Comprovante de endere\u00e7o atual com o tempo m\u00ednimo de 2 (dois) anos de resid\u00eancia em Palmas (ex: conta de luz, \u00e1gua, telefone, declara\u00e7\u00e3o escolar, contrato de aluguel registrado em cart\u00f3rio)<\/p>\n<p>14- Certid\u00e3o negativa que n\u00e3o estar recebendo benef\u00edcios previdenci\u00e1rios de aposentadoria por invalidez e\/ou aux\u00edlio doen\u00e7a (INSS)<\/p>\n<p>15- Carteira de trabalho e previd\u00eancia social, conv\u00eanio de est\u00e1gio profissionalizante ou curricular, portaria de nomea\u00e7\u00e3o ou contrato, Contrato de Voluntariado em conformidade com a Lei 9.608, de 18 de fevereiro de 1998, que comprove a experi\u00eancia exigida na al\u00ednea i) do item 3.1 do edital<\/p>\n<p>16- Laudo psicol\u00f3gico atestando sanidade mental do candidato, elaborado por profissional do munic\u00edpio de Palmas<\/p>\n<p>17- Curriculum Vitae<\/p>\n","protected":false},"excerpt":{"rendered":"<p>A Prefeitura de Palmas, por meio da Secretaria Municipal de Desenvolvimento Social (Sedes) e Conselho Municipal dos Direitos da Crian\u00e7a e do Adolescente (CMDCA), reabriu o prazo para as inscri\u00e7\u00f5es do processo de escolha dos membros dos Conselhos Tutelares, para o quadri\u00eanio 2020\/2023. O prazo segue at\u00e9 o pr\u00f3ximo dia 24 deste m\u00eas. &nbsp; A [&hellip;]<\/p>\n","protected":false},"author":2,"featured_media":3152,"comment_status":"open","ping_status":"open","sticky":false,"template":"","format":"standard","meta":[],"categories":[2,3],"tags":[],"_links":{"self":[{"href":"https:\/\/dgospel.com.br\/portal\/index.php\/wp-json\/wp\/v2\/posts\/3151"}],"collection":[{"href":"https:\/\/dgospel.com.br\/portal\/index.php\/wp-json\/wp\/v2\/posts"}],"about":[{"href":"https:\/\/dgospel.com.br\/portal\/index.php\/wp-json\/wp\/v2\/types\/post"}],"author":[{"embeddable":true,"href":"https:\/\/dgospel.com.br\/portal\/index.php\/wp-json\/wp\/v2\/users\/2"}],"replies":[{"embeddable":true,"href":"https:\/\/dgospel.com.br\/portal\/index.php\/wp-json\/wp\/v2\/comments?post=3151"}],"version-history":[{"count":1,"href":"https:\/\/dgospel.com.br\/portal\/index.php\/wp-json\/wp\/v2\/posts\/3151\/revisions"}],"predecessor-version":[{"id":3153,"href":"https:\/\/dgospel.com.br\/portal\/index.php\/wp-json\/wp\/v2\/posts\/3151\/revisions\/3153"}],"wp:featuredmedia":[{"embeddable":true,"href":"https:\/\/dgospel.com.br\/portal\/index.php\/wp-json\/wp\/v2\/media\/3152"}],"wp:attachment":[{"href":"https:\/\/dgospel.com.br\/portal\/index.php\/wp-json\/wp\/v2\/media?parent=3151"}],"wp:term":[{"taxonomy":"category","embeddable":true,"href":"https:\/\/dgospel.com.br\/portal\/index.php\/wp-json\/wp\/v2\/categories?post=3151"},{"taxonomy":"post_tag","embeddable":true,"href":"https:\/\/dgospel.com.br\/portal\/index.php\/wp-json\/wp\/v2\/tags?post=3151"}],"curies":[{"name":"wp","href":"https:\/\/api.w.org\/{rel}","templated":true}]}}