{"id":3157,"date":"2019-05-17T13:35:43","date_gmt":"2019-05-17T16:35:43","guid":{"rendered":"http:\/\/dgospel.com.br\/portal\/?p=3157"},"modified":"2019-05-17T13:35:43","modified_gmt":"2019-05-17T16:35:43","slug":"vice-governador-destaca-a-importancia-da-defensoria-publica-no-desenvolvimento-do-estado","status":"publish","type":"post","link":"https:\/\/dgospel.com.br\/portal\/index.php\/2019\/05\/17\/vice-governador-destaca-a-importancia-da-defensoria-publica-no-desenvolvimento-do-estado\/","title":{"rendered":"Vice-governador destaca a import\u00e2ncia da Defensoria P\u00fablica no desenvolvimento do Estado"},"content":{"rendered":"<p>O vice-governador Wanderlei Barbosa participou de sess\u00e3o solene em homenagem ao Dia do Defensor P\u00fablico, comemorado em 19 de maio. A cerim\u00f4nia foi realizada na Assembleia Legislativa, nesta quinta-feira, 16. Na ocasi\u00e3o, ele representou o governador do Tocantins, Mauro Carlesse.<\/p>\n<p>Wanderlei Barbosa parabenizou os defensores por todas as a\u00e7\u00f5es que auxiliam no desenvolvimento do Estado.\u00a0 \u201c\u00c9 importante para o Tocantins saber que os mais humildes t\u00eam na Defensoria seu instrumento de defesa junto aos \u00f3rg\u00e3os de Justi\u00e7a. Importante homenagear os defensores que fazem das suas profiss\u00f5es a defesa do cidad\u00e3o tocantinense\u201d, destacou.<\/p>\n<p>O defensor p\u00fablico-geral do Estado, F\u00e1bio Monteiro dos Santos, ressaltou como a Defensoria tem levado a todo o estado, palestras e projetos institucionais de conscientiza\u00e7\u00e3o do cidad\u00e3o sobre seus direitos e garantias fundamentais. \u201cRegistros mostram que foram realizados, em 2018, mais de 550 mil atividades e 140 mil atendimentos em todo o Tocantins. Esses resultados n\u00e3o s\u00e3o apenas n\u00fameros, mas tamb\u00e9m revelam hist\u00f3ria de vida que foram mudadas pelo acesso do cidad\u00e3o aos seus direitos\u201d, ressaltou.<\/p>\n<p><strong>Homenagens<\/strong><\/p>\n<p>No evento foram homenageados dois defensores aposentados, Joaquim Pereira dos Santos e Jos\u00e9 Marcos Mussulini, que receberam honrarias especiais por serem os pioneiros na institui\u00e7\u00e3o.<\/p>\n<p>Para o presidente da Assembleia Legislativa do Tocantins, Antonio Andrade, a Defensoria P\u00fablica Estadual (DPE) desempenha importante papel na sociedade por meio de seus defensores p\u00fablicos. \u201cA homenagem representa o reconhecimento dessa Casa de Leis ao trabalho desenvolvido pelos defensores do nosso Estado em defesa da popula\u00e7\u00e3o tocantinense\u201d, destacou.<\/p>\n","protected":false},"excerpt":{"rendered":"<p>O vice-governador Wanderlei Barbosa participou de sess\u00e3o solene em homenagem ao Dia do Defensor P\u00fablico, comemorado em 19 de maio. A cerim\u00f4nia foi realizada na Assembleia Legislativa, nesta quinta-feira, 16. Na ocasi\u00e3o, ele representou o governador do Tocantins, Mauro Carlesse. Wanderlei Barbosa parabenizou os defensores por todas as a\u00e7\u00f5es que auxiliam no desenvolvimento do Estado.\u00a0 [&hellip;]<\/p>\n","protected":false},"author":2,"featured_media":3158,"comment_status":"open","ping_status":"open","sticky":false,"template":"","format":"standard","meta":[],"categories":[2],"tags":[],"_links":{"self":[{"href":"https:\/\/dgospel.com.br\/portal\/index.php\/wp-json\/wp\/v2\/posts\/3157"}],"collection":[{"href":"https:\/\/dgospel.com.br\/portal\/index.php\/wp-json\/wp\/v2\/posts"}],"about":[{"href":"https:\/\/dgospel.com.br\/portal\/index.php\/wp-json\/wp\/v2\/types\/post"}],"author":[{"embeddable":true,"href":"https:\/\/dgospel.com.br\/portal\/index.php\/wp-json\/wp\/v2\/users\/2"}],"replies":[{"embeddable":true,"href":"https:\/\/dgospel.com.br\/portal\/index.php\/wp-json\/wp\/v2\/comments?post=3157"}],"version-history":[{"count":1,"href":"https:\/\/dgospel.com.br\/portal\/index.php\/wp-json\/wp\/v2\/posts\/3157\/revisions"}],"predecessor-version":[{"id":3159,"href":"https:\/\/dgospel.com.br\/portal\/index.php\/wp-json\/wp\/v2\/posts\/3157\/revisions\/3159"}],"wp:featuredmedia":[{"embeddable":true,"href":"https:\/\/dgospel.com.br\/portal\/index.php\/wp-json\/wp\/v2\/media\/3158"}],"wp:attachment":[{"href":"https:\/\/dgospel.com.br\/portal\/index.php\/wp-json\/wp\/v2\/media?parent=3157"}],"wp:term":[{"taxonomy":"category","embeddable":true,"href":"https:\/\/dgospel.com.br\/portal\/index.php\/wp-json\/wp\/v2\/categories?post=3157"},{"taxonomy":"post_tag","embeddable":true,"href":"https:\/\/dgospel.com.br\/portal\/index.php\/wp-json\/wp\/v2\/tags?post=3157"}],"curies":[{"name":"wp","href":"https:\/\/api.w.org\/{rel}","templated":true}]}}