{"id":3160,"date":"2019-05-20T09:54:15","date_gmt":"2019-05-20T12:54:15","guid":{"rendered":"http:\/\/dgospel.com.br\/portal\/?p=3160"},"modified":"2019-05-20T09:54:15","modified_gmt":"2019-05-20T12:54:15","slug":"palmas-30-anos-capital-ja-e-referencia-em-qualificacao-e-profissionalizacao-dos-servicos-publicos","status":"publish","type":"post","link":"https:\/\/dgospel.com.br\/portal\/index.php\/2019\/05\/20\/palmas-30-anos-capital-ja-e-referencia-em-qualificacao-e-profissionalizacao-dos-servicos-publicos\/","title":{"rendered":"Palmas 30 anos: Capital j\u00e1 \u00e9 refer\u00eancia em qualifica\u00e7\u00e3o e profissionaliza\u00e7\u00e3o dos servi\u00e7os p\u00fablicos"},"content":{"rendered":"<p class=\"yiv1497871821MsoNormal\">De tantos avan\u00e7os atribu\u00eddos \u00e0 Palmas nesses 30 anos, a qualifica\u00e7\u00e3o e profissionaliza\u00e7\u00e3o dos servi\u00e7os p\u00fablicos prestados ao cidad\u00e3o, por meio da qualifica\u00e7\u00e3o de servidores municipais, merecem destaque. Para atender \u00e0 crescente demanda da popula\u00e7\u00e3o por atendimentos cada vez mais complexos, a gest\u00e3o vem investindo na prepara\u00e7\u00e3o do funcionalismo p\u00fablico, buscando a qualidade e a excel\u00eancia dos servi\u00e7os. Estrat\u00e9gico e grande aliado nesse prop\u00f3sito, o Instituto 20 de Maio de Ensino Ci\u00eancia e Tecnologia (IVM), que abriga as escolas de Governo (EGP) e Educa\u00e7\u00e3o, e a Funda\u00e7\u00e3o Escola de Sa\u00fade P\u00fablica (Fesp), se consolida como institui\u00e7\u00e3o de forma\u00e7\u00e3o continuada de servidores p\u00fablicos e j\u00e1 \u00e9 uma refer\u00eancia para a Capital e todo o Estado.<\/p>\n<p class=\"yiv1497871821MsoNormal\">\n<p class=\"yiv1497871821MsoNormal\">Tanto \u00e9 que os cursos ofertados pelo IVM cada vez mais t\u00eam recebido procura por parte de institui\u00e7\u00f5es da esfera estadual e prefeituras do interior, que podem inscrever seus servidores mediante termo de parceria. Dentre esses acordos destaca-se o firmado com a Escola Superior da Defensoria P\u00fablica (Esdep), que est\u00e1 disponibilizando vagas em seus cursos para servidores da Prefeitura de Palmas e, tamb\u00e9m, encaminhando seus trabalhadores para participarem de cursos no IVM.<\/p>\n<p class=\"yiv1497871821MsoNormal\">\n<p class=\"yiv1497871821MsoNormal\">A servidora da Defensoria P\u00fablica do Estado, Andreia Carla Lopes, \u00e9 um desses exemplos. Ela participou do curso de Elabora\u00e7\u00e3o e Gest\u00e3o de Projetos e do Workshop para Elabora\u00e7\u00e3o de Projeto de Pesquisa, por sentir necessidade de aperfei\u00e7oamento, aprendizado e amplia\u00e7\u00e3o dos conhecimentos. Segundo Andreia, a metodologia colocada pelo instrutor, intera\u00e7\u00e3o com as outras institui\u00e7\u00f5es e o conte\u00fado claro, s\u00e3o pontos positivos da qualifica\u00e7\u00e3o da qual participou. \u201cEu acredito que o IVM, como \u00f3rg\u00e3o de educa\u00e7\u00e3o no setor p\u00fablico, vem fazendo bem o trabalho proposto\u201d, disse, destacando o ambiente e a metodologia da institui\u00e7\u00e3o com diferencial.<\/p>\n<p class=\"yiv1497871821MsoNormal\">\n<p class=\"yiv1497871821MsoNormal\">\n<p class=\"yiv1497871821MsoNormal\">Servidor da Prefeitura de Palmas h\u00e1 23 anos, Jorge Mota de Oliveira, que atua como agente do Tesouro Municipal, tamb\u00e9m avalia como pontos positivos o corpo docente, o material did\u00e1tico e a estrutura do IVM. \u201cTudo perfeito: f\u00e1cil acesso, instala\u00e7\u00e3o bacana,&#8230;\u201d, disse, ressaltando que os cursos, no geral, deveriam ser intensificados, e que est\u00e1 aguardando uma p\u00f3s-gradua\u00e7\u00e3o n\u00e3o s\u00f3 na \u00e1rea tribut\u00e1ria, mais tamb\u00e9m na de gest\u00e3o p\u00fablica.<\/p>\n<p class=\"yiv1497871821MsoNormal\">\n<p class=\"yiv1497871821MsoNormal\"><b>Multiplicador<\/b><\/p>\n<p class=\"yiv1497871821MsoNormal\">\n<p class=\"yiv1497871821MsoNormal\">Quem faz parte desse corpo docente, atuando como instrutor da Escola de Governo de Palmas desde a sua implanta\u00e7\u00e3o, em 22 de mar\u00e7o de 2010, por meio da Lei n\u00ba 1705, na \u00e9poca Escola de Gest\u00e3o P\u00fablica, \u00e9 o guarda metropolitano Magnus Aparecido Matos Pereira. \u201cEntrei para o projeto de multiplicadores em 2010. Tivemos um avan\u00e7o muito grande, mas isso s\u00f3 foi poss\u00edvel porque o IVM, junto com a Escola de Governo, possibilita o profissional aprimorar seus conhecimentos\u201d, disse, acrescentando, tamb\u00e9m, a forma de tratamento e planejamento do conte\u00fado.<\/p>\n<p class=\"yiv1497871821MsoNormal\">\n<p class=\"yiv1497871821MsoNormal\">Atualmente, o IVM, por meio da Escola de Governo, conta com um corpo docente composto por 25 instrutores credenciados, por meio do Programa \u201cServidor Multiplicador\u201d. Referente ao corpo docente, material did\u00e1tico e estrutura, o instrutor tamb\u00e9m falou sobre a evolu\u00e7\u00e3o. \u201cO Instituto cresceu muito e s\u00f3 vem melhorando. Essas parcerias s\u00f3 t\u00eam a agregar melhorias para o Munic\u00edpio. Tendo um bom profissional, consequentemente teremos um melhor atendimento\u201d.<\/p>\n<p class=\"yiv1497871821MsoNormal\">\n<p class=\"yiv1497871821MsoNormal\"><b>Evolu\u00e7\u00e3o<\/b><\/p>\n<p class=\"yiv1497871821MsoNormal\">\n<p class=\"yiv1497871821MsoNormal\">O Instituto 20 de Maio foi inaugurado no dia 31 de mar\u00e7o de 2016, seis anos depois da cria\u00e7\u00e3o da Escola de Gest\u00e3o P\u00fablica. Um ano depois de sua funda\u00e7\u00e3o, em 2017, o IVM foi institucionalizado de fato, por meio da Lei N\u00ba. 2.296, de 30 de mar\u00e7o de 2017. E desde a sua inaugura\u00e7\u00e3o, s\u00f3 por meio da EGP, promoveu 71 cursos, qualificando quase 2 mil servidores nas mais diversas \u00e1reas.<\/p>\n<p class=\"yiv1497871821MsoNormal\">\n<p class=\"yiv1497871821MsoNormal\">Al\u00e9m de instrutorias externas, possui servidores multiplicadores credenciados em 16 \u00e1reas: Regula\u00e7\u00e3o, Gest\u00e3o da Informa\u00e7\u00e3o, Gest\u00e3o Administrativa, Gest\u00e3o de Projetos, Gest\u00e3o Or\u00e7ament\u00e1ria e Financeira, Desenvolvimento de Pessoas, Licita\u00e7\u00f5es e Contratos, Contabilidade, Planejamento Urbano, Comunica\u00e7\u00e3o, Gest\u00e3o de Qualidade, Gest\u00e3o de Pessoas, Gest\u00e3o de Pol\u00edticas P\u00fablicas, Gest\u00e3o de Pol\u00edticas Sociais, Legisla\u00e7\u00e3o\/Direito e Turismo.<\/p>\n<p class=\"yiv1497871821MsoNormal\">\n<p class=\"yiv1497871821MsoNormal\">A m\u00e9dia de avalia\u00e7\u00e3o dos cursos ofertados, numa escala de zero a cinco, \u00e9 de 4,2, considerada um dos grandes diferenciais. Diante dos resultados obtidos, o IVM continua sendo uma aposta da gest\u00e3o para o aprimoramento do atendimento ao cidad\u00e3o palmense.<\/p>\n<p class=\"yiv1497871821MsoNormal\">\n<p class=\"yiv1497871821MsoNormal\">\n<p class=\"yiv1497871821MsoNormal\"><b>Gestores destacam a\u00e7\u00f5es para o desenvolvimento do servidor<\/b><\/p>\n<p class=\"yiv1497871821MsoNormal\">Como a miss\u00e3o de fortalecer as a\u00e7\u00f5es de valoriza\u00e7\u00e3o, aperfei\u00e7oamento e qualifica\u00e7\u00e3o dos servidores p\u00fablicos municipais, por meio da educa\u00e7\u00e3o continuada, o Instituto 20 de Maio de Ensino, Ci\u00eancia e Tecnologia tem trabalhado para cumprir esse prop\u00f3sito e promover o desenvolvimento profissional e pessoal dos servidores p\u00fablicos municipais.<\/p>\n<p class=\"yiv1497871821MsoNormal\">\n<p class=\"yiv1497871821MsoNormal\">A presidente do IVM, Val\u00e9ria Albino de Ara\u00fajo Nunes, destaca os avan\u00e7os e lembra que essa consolida\u00e7\u00e3o do Instituto enquanto unidade de educa\u00e7\u00e3o continuada do servidor p\u00fablico municipal despertou o interesse de institui\u00e7\u00f5es estaduais e de outras prefeituras, resultando em uma grande procura pelos cursos e demais a\u00e7\u00f5es promovidas pelo Munic\u00edpio de Palmas. \u201cPra n\u00f3s, \u00e9 uma grande satisfa\u00e7\u00e3o, saber que estamos no caminho certo, nessa busca pela excel\u00eancia nos servi\u00e7os p\u00fablicos. Queremos cada vez mais oferecer cursos de qualidade aos nossos servidores para que eles tenham condi\u00e7\u00f5es de prestar bons servi\u00e7os \u00e0 sociedade\u201d, disse, lembrando que \u00e9 prop\u00f3sito tamb\u00e9m do IVM oferecer um atendimento humanizado e o cuidado com o servidor.<\/p>\n<p class=\"yiv1497871821MsoNormal\">\n<p class=\"yiv1497871821MsoNormal\"><b>Escolas<\/b><\/p>\n<p class=\"yiv1497871821MsoNormal\">\n<p class=\"yiv1497871821MsoNormal\">Diretamente ligada ao IVM, a Escola de Governo de Palmas atua na qualifica\u00e7\u00e3o dos servidores do quadro geral. De acordo com a diretora da EGP, L\u00e9dyce N\u00f3brega Porto, o Instituto 20 de Maio \u00e9 a concretiza\u00e7\u00e3o de um sonho em institucionalizar a unidade de educa\u00e7\u00e3o continuada do servidor do munic\u00edpio de Palmas. \u201cA Escola de Governo tem muito orgulho de participar e contribuir para o desenvolvimento do servidor, e consequentemente, promover a excel\u00eancia nos servi\u00e7os p\u00fablicos ofertados \u00e0 popula\u00e7\u00e3o de Palmas&#8221;.<\/p>\n<p class=\"yiv1497871821MsoNormal\">\n<p class=\"yiv1497871821MsoNormal\">O IVM tamb\u00e9m abriga a Funda\u00e7\u00e3o Escola de Sa\u00fade P\u00fablica (Fesp), vinculada \u00e0 Secretaria Municipal de Sa\u00fade. Segundo a presidente da institui\u00e7\u00e3o, Jaciela Leopoldino, a Fesp tem no Instituto 20 de Maio um grande aliado nas a\u00e7\u00f5es de qualifica\u00e7\u00e3o dos servidores. \u201cO IVM \u00e9 estruturante para as a\u00e7\u00f5es de ensino e pesquisa para todos os servidores e, ent\u00e3o, dessa forma, a Funda\u00e7\u00e3o Escola, cumprindo o seu papel constitucional na qualifica\u00e7\u00e3o e forma\u00e7\u00e3o de recursos humanos para o SUS, tem na parceria com o IVM uma estrat\u00e9gica estruturantes para as a\u00e7\u00f5es de fortalecimento do Sistema \u00danico de Sa\u00fade.\u201d<\/p>\n<p class=\"yiv1497871821MsoNormal\">\n<p class=\"yiv1497871821MsoNormal\">J\u00e1 o diretor de Avalia\u00e7\u00e3o, Estat\u00edstica e Forma\u00e7\u00e3o\/Escola de Educa\u00e7\u00e3o, Cirley Bandeira, ressalta a import\u00e2ncia da parceria com o IVM, pois, segundo o gestor, o Instituto oferece local bem equipado, com atendimento humanizado. \u201cEstrutura, salas bem equipada, o sistema de agendamento de salas, facilita o trabalho e rotatividade de salas ofertadas\u201d, ressaltou destacando como pontos positivos do IVM, que se referiu como espa\u00e7o privilegiado de informa\u00e7\u00e3o.<\/p>\n<p class=\"yiv1497871821MsoNormal\">\n<p class=\"yiv1497871821MsoNormal\">\n<p class=\"yiv1497871821MsoNormal\"><b>IVM tem a \u201ccara\u201d de Palmas<\/b><\/p>\n<p class=\"yiv1497871821MsoNormal\">\n<p class=\"yiv1497871821MsoNormal\">Autarquia municipal que atua na qualifica\u00e7\u00e3o dos servidores p\u00fablicos e, consequentemente, na melhoria dos servi\u00e7os prestados aos cidad\u00e3os palmenses, o Instituto 20 de Maio de Ensino, Ci\u00eancia e Tecnologia tem a \u2018cara\u2019 de Palmas, pois at\u00e9 no nome faz men\u00e7\u00e3o \u00e0 cidade, lembrando a data de seu anivers\u00e1rio.<\/p>\n<p class=\"yiv1497871821MsoNormal\">\n<p class=\"yiv1497871821MsoNormal\">A escolha do nome da institui\u00e7\u00e3o surgiu como uma forma de homenagear Palmas. O servidor Cleison Almeida Nunes, que na \u00e9poca exercia a fun\u00e7\u00e3o de assessor t\u00e9cnico e de planejamento da Secretaria Municipal de Planejamento, Gest\u00e3o e Desenvolvimento Humano (hoje \u00e9 presidente da Associa\u00e7\u00e3o dos Servidores P\u00fablicos Municipais de Palmas), foi quem sugeriu o nome Instituto 20 de Maio. Segundo Nunes, a ideia surgiu por se tratar de uma pasta que faz refer\u00eancia \u00e0 cidade e ao mesmo tempo identifica que pertence aos servidores p\u00fablicos municipais de Palmas, aqueles que est\u00e3o constantemente buscando aperfei\u00e7oamento a fim de prestarem servi\u00e7os p\u00fablicos de qualidade e, consequentemente, contribuindo para o desenvolvimento da cidade.<\/p>\n","protected":false},"excerpt":{"rendered":"<p>De tantos avan\u00e7os atribu\u00eddos \u00e0 Palmas nesses 30 anos, a qualifica\u00e7\u00e3o e profissionaliza\u00e7\u00e3o dos servi\u00e7os p\u00fablicos prestados ao cidad\u00e3o, por meio da qualifica\u00e7\u00e3o de servidores municipais, merecem destaque. Para atender \u00e0 crescente demanda da popula\u00e7\u00e3o por atendimentos cada vez mais complexos, a gest\u00e3o vem investindo na prepara\u00e7\u00e3o do funcionalismo p\u00fablico, buscando a qualidade e a [&hellip;]<\/p>\n","protected":false},"author":2,"featured_media":3161,"comment_status":"open","ping_status":"open","sticky":false,"template":"","format":"standard","meta":[],"categories":[2,4],"tags":[],"_links":{"self":[{"href":"https:\/\/dgospel.com.br\/portal\/index.php\/wp-json\/wp\/v2\/posts\/3160"}],"collection":[{"href":"https:\/\/dgospel.com.br\/portal\/index.php\/wp-json\/wp\/v2\/posts"}],"about":[{"href":"https:\/\/dgospel.com.br\/portal\/index.php\/wp-json\/wp\/v2\/types\/post"}],"author":[{"embeddable":true,"href":"https:\/\/dgospel.com.br\/portal\/index.php\/wp-json\/wp\/v2\/users\/2"}],"replies":[{"embeddable":true,"href":"https:\/\/dgospel.com.br\/portal\/index.php\/wp-json\/wp\/v2\/comments?post=3160"}],"version-history":[{"count":1,"href":"https:\/\/dgospel.com.br\/portal\/index.php\/wp-json\/wp\/v2\/posts\/3160\/revisions"}],"predecessor-version":[{"id":3162,"href":"https:\/\/dgospel.com.br\/portal\/index.php\/wp-json\/wp\/v2\/posts\/3160\/revisions\/3162"}],"wp:featuredmedia":[{"embeddable":true,"href":"https:\/\/dgospel.com.br\/portal\/index.php\/wp-json\/wp\/v2\/media\/3161"}],"wp:attachment":[{"href":"https:\/\/dgospel.com.br\/portal\/index.php\/wp-json\/wp\/v2\/media?parent=3160"}],"wp:term":[{"taxonomy":"category","embeddable":true,"href":"https:\/\/dgospel.com.br\/portal\/index.php\/wp-json\/wp\/v2\/categories?post=3160"},{"taxonomy":"post_tag","embeddable":true,"href":"https:\/\/dgospel.com.br\/portal\/index.php\/wp-json\/wp\/v2\/tags?post=3160"}],"curies":[{"name":"wp","href":"https:\/\/api.w.org\/{rel}","templated":true}]}}