{"id":3163,"date":"2019-05-20T10:02:05","date_gmt":"2019-05-20T13:02:05","guid":{"rendered":"http:\/\/dgospel.com.br\/portal\/?p=3163"},"modified":"2019-05-20T10:02:05","modified_gmt":"2019-05-20T13:02:05","slug":"palmas-30-anos-governador-mauro-carlesse-destaca-avancos-e-parabeniza-capital-pelo-seu-aniversario","status":"publish","type":"post","link":"https:\/\/dgospel.com.br\/portal\/index.php\/2019\/05\/20\/palmas-30-anos-governador-mauro-carlesse-destaca-avancos-e-parabeniza-capital-pelo-seu-aniversario\/","title":{"rendered":"Palmas 30 anos: Governador Mauro Carlesse destaca avan\u00e7os e parabeniza Capital pelo seu anivers\u00e1rio"},"content":{"rendered":"<p>Pr\u00f3ximo de completar seu anivers\u00e1rio de 30 anos, comemorado nesta segunda-feira, 20 de maio, Palmas \u00e9 uma Capital que tem agregado e recebido pessoas de diversos lugares do pa\u00eds. Essa pluralidade que fomenta a cultura faz girar a economia e promove o desenvolvimento da cidade foi destacada na fala do Governador Mauro Carlesse.<\/p>\n<p>\u201cEu fico muito feliz de ser Governador de um Estado que tem a capital mais bonita do Brasil como \u00e9 o caso de Palmas. A popula\u00e7\u00e3o daqui \u00e9 muito privilegiada por morar em um local calmo, cheio de belezas naturais e que vem se desenvolvendo cada dia a mais com a for\u00e7a e a coragem dessa gente guerreira\u201d, afirma o Governador.<\/p>\n<p>O Governador Mauro Carlesse destaca tamb\u00e9m que sua gest\u00e3o tem tido comprometimento com a Capital, executando obras e ampliando os investimentos nas \u00e1reas da sa\u00fade, educa\u00e7\u00e3o, seguran\u00e7a p\u00fablica e habita\u00e7\u00e3o.<\/p>\n<p>\u201cDentre as obras, podemos destacar a retomada para conclus\u00e3o de unidades habitacionais e do asfalto em quadras do setor Jardim Taquari; a execu\u00e7\u00e3o de obras de drenagem, pavimenta\u00e7\u00e3o asf\u00e1ltica, urbaniza\u00e7\u00e3o e sinaliza\u00e7\u00e3o da Avenida NS-15; as 80 unidades habitacionais do Programa Pr\u00f3-moradia que beneficiar\u00e1 fam\u00edlias de baixa renda na ALC-NO 33; al\u00e9m da conclus\u00e3o da reforma do Hospital Geral de Palmas [HGP] e de melhorias em estradas vicinais da Capital\u201d, afirmou Carlesse.<\/p>\n<p>Sobre a educa\u00e7\u00e3o, o Governador ressalta que Palmas tamb\u00e9m tem grandes conquistas para comemorar. \u201cO Governo possui 26 unidades escolares no munic\u00edpio, sendo quatro unidades em tempo integral, duas conveniadas, e dois Col\u00e9gios Militares que atendem de 18.397 alunos. Al\u00e9m disso, o Governo tamb\u00e9m tem grande participa\u00e7\u00e3o na educa\u00e7\u00e3o superior em Palmas, por meio da Universidade Estadual do Tocantins [Unitins] com ensino gratuito e presencial\u201d, conclui o Governador Mauro Carlesse.<\/p>\n","protected":false},"excerpt":{"rendered":"<p>Pr\u00f3ximo de completar seu anivers\u00e1rio de 30 anos, comemorado nesta segunda-feira, 20 de maio, Palmas \u00e9 uma Capital que tem agregado e recebido pessoas de diversos lugares do pa\u00eds. Essa pluralidade que fomenta a cultura faz girar a economia e promove o desenvolvimento da cidade foi destacada na fala do Governador Mauro Carlesse. \u201cEu fico [&hellip;]<\/p>\n","protected":false},"author":2,"featured_media":3165,"comment_status":"open","ping_status":"open","sticky":false,"template":"","format":"standard","meta":[],"categories":[2,4],"tags":[],"_links":{"self":[{"href":"https:\/\/dgospel.com.br\/portal\/index.php\/wp-json\/wp\/v2\/posts\/3163"}],"collection":[{"href":"https:\/\/dgospel.com.br\/portal\/index.php\/wp-json\/wp\/v2\/posts"}],"about":[{"href":"https:\/\/dgospel.com.br\/portal\/index.php\/wp-json\/wp\/v2\/types\/post"}],"author":[{"embeddable":true,"href":"https:\/\/dgospel.com.br\/portal\/index.php\/wp-json\/wp\/v2\/users\/2"}],"replies":[{"embeddable":true,"href":"https:\/\/dgospel.com.br\/portal\/index.php\/wp-json\/wp\/v2\/comments?post=3163"}],"version-history":[{"count":1,"href":"https:\/\/dgospel.com.br\/portal\/index.php\/wp-json\/wp\/v2\/posts\/3163\/revisions"}],"predecessor-version":[{"id":3166,"href":"https:\/\/dgospel.com.br\/portal\/index.php\/wp-json\/wp\/v2\/posts\/3163\/revisions\/3166"}],"wp:featuredmedia":[{"embeddable":true,"href":"https:\/\/dgospel.com.br\/portal\/index.php\/wp-json\/wp\/v2\/media\/3165"}],"wp:attachment":[{"href":"https:\/\/dgospel.com.br\/portal\/index.php\/wp-json\/wp\/v2\/media?parent=3163"}],"wp:term":[{"taxonomy":"category","embeddable":true,"href":"https:\/\/dgospel.com.br\/portal\/index.php\/wp-json\/wp\/v2\/categories?post=3163"},{"taxonomy":"post_tag","embeddable":true,"href":"https:\/\/dgospel.com.br\/portal\/index.php\/wp-json\/wp\/v2\/tags?post=3163"}],"curies":[{"name":"wp","href":"https:\/\/api.w.org\/{rel}","templated":true}]}}