{"id":3167,"date":"2019-05-20T10:05:24","date_gmt":"2019-05-20T13:05:24","guid":{"rendered":"http:\/\/dgospel.com.br\/portal\/?p=3167"},"modified":"2019-05-20T10:05:24","modified_gmt":"2019-05-20T13:05:24","slug":"palmas-30-anos-praca-dos-girassois-e-centro-de-poder-historia-e-lazer-para-os-palmenses","status":"publish","type":"post","link":"https:\/\/dgospel.com.br\/portal\/index.php\/2019\/05\/20\/palmas-30-anos-praca-dos-girassois-e-centro-de-poder-historia-e-lazer-para-os-palmenses\/","title":{"rendered":"Palmas 30 anos: Pra\u00e7a dos Girass\u00f3is \u00e9 centro de poder, hist\u00f3ria e lazer para os palmenses"},"content":{"rendered":"<p>Considerada uma das maiores pra\u00e7as do mundo, a Pra\u00e7a dos Girass\u00f3is, situada no marco central de Palmas e no centro geod\u00e9sico do Brasil, abriga os tr\u00eas poderes tocantinenses: poder executivo \u2013 Pal\u00e1cio Araguaia, poder legislativo \u2013 Pal\u00e1cio Jo\u00e3o D\u2019Abreu, e poder judici\u00e1rio \u2013 Pal\u00e1cio Rio Tocantins. A partir da pra\u00e7a, tendo-se como refer\u00eancia o Pal\u00e1cio Araguaia, foram projetadas ruas e avenidas do Plano Diretor da Capital.<\/p>\n<p>O piso da Pra\u00e7a dos Girass\u00f3is apresenta pain\u00e9is que nos remetem \u00e0s etnias ind\u00edgenas do Tocantins, representadas pelos povos Apinaj\u00e9, Krah\u00f4, Xerente, Karaj\u00e1, Java\u00e9 e Xambio\u00e1,\u00a0como forma de reverenciar os primeiros habitantes da regi\u00e3o.<\/p>\n<p>Ponto de encontro da popula\u00e7\u00e3o palmense, principalmente para saud\u00e1veis caminhadas e pr\u00e1ticas esportivas, a Pra\u00e7a dos Girass\u00f3is possui v\u00e1rias atra\u00e7\u00f5es tur\u00edsticas e abriga s\u00edmbolos importantes para a hist\u00f3ria da cidade, do Estado e do pa\u00eds.<\/p>\n<p>A manuten\u00e7\u00e3o e fiscaliza\u00e7\u00e3o do local \u00e9 de responsabilidade do Governo do Tocantins, que tem investido na sua sinaliza\u00e7\u00e3o e limpeza para que se torne um lugar agrad\u00e1vel para quem queira visit\u00e1-la.<\/p>\n<p><strong>Pontos Tur\u00edsticos da Pra\u00e7a<\/strong><\/p>\n<p><strong>1 &#8211; Pal\u00e1cio Araguaia<\/strong>\u00a0\u2013 Sede do Governo do Estado, o Pal\u00e1cio Araguaia \u00e9 o marco de onde foram projetadas ruas e avenidas da Capital.<\/p>\n<p><strong>2 &#8211; Pal\u00e1cio Jo\u00e3o D\u2019Abreu<\/strong>\u00a0\u2013 Sede do poder legislativo do Estado.<\/p>\n<p><strong>3 &#8211; Pal\u00e1cio Rio Tocantins<\/strong>\u00a0\u2013 Sede do poder judici\u00e1rio do Estado.<\/p>\n<p><strong>4 &#8211; Centro Geod\u00e9sico do Brasil<\/strong>\u00a0\u2013 O marco est\u00e1 simbolizado no centro da Rosa dos Ventos, desenhada na entrada norte do Pal\u00e1cio Araguaia. O s\u00edmbolo foi acrescido das refer\u00eancias das etnias ind\u00edgenas do Tocantins que enriquecem sua beleza e assimetria.<\/p>\n<p><strong>5 &#8211; Bras\u00e3o do Estado<\/strong>\u00a0\u2013 Um dos s\u00edmbolos do Tocantins, o bras\u00e3o encontra-se desenhado no piso da pra\u00e7a, ala sul do Pal\u00e1cio Araguaia. As duas faixas azuis, direcionadas para cima, representam os dois principais rios do Estado: o Tocantins e o Araguaia; a faixa branca, ao centro, com um sol nascendo, traz o significado de um futuro melhor; a faixa amarela, abaixo, significa as riquezas minerais do Tocantins.<\/p>\n<p>Os ramos que crescem dos dois lados do bras\u00e3o representam nossas riquezas naturais. A frase escrita na faixa acima do bras\u00e3o\u00a0<strong>co ivy ore retama<\/strong>\u00a0significa em tupi guarani\u00a0<strong>Esta terra \u00e9 nossa<\/strong>.<\/p>\n<p><strong>6 &#8211; Pra\u00e7a Krah\u00f4<\/strong>\u00a0\u2013 Representa a circularidade da arquitetura da aldeia Krah\u00f4, onde todas as casas se distanciam igualmente do p\u00e1tio, que \u00e9 o centro das decis\u00f5es da vida do povo Krah\u00f4.<\/p>\n<p><strong>7 &#8211; Memorial Coluna Prestes<\/strong>\u00a0\u2013 Projetado por Oscar Niemayer, Memorial \u00e9 uma homenagem aos Tenentes de 22 e \u00e0 marcha da Coluna Prestes, liderada por Luis Carlos Prestes, pelo interior do Brasil, que passou por terras tocantinenses. Foram 25 mil km da maior marcha revolucion\u00e1ria da humanidade.<\/p>\n<p><strong>8 &#8211; 18 do Forte<\/strong>\u00a0\u2013 As esculturas s\u00e3o uma homenagem ao levante do Forte de Copacabana, ocorrido no Rio de Janeiro, em julho 1922. O monumento \u00e9 composto por 19 esculturas, com 2m de altura, homenageando os her\u00f3is da revolta. A escultura que carrega a bandeira, \u00e0 frente do grupo, est\u00e1 representada pelo tenente Siqueira Campos.<\/p>\n<p><strong>9 &#8211; O Cruzeiro<\/strong>\u00a0\u2013 Foi o primeiro monumento art\u00edstico e hist\u00f3rico erguido em Palmas, palco da realiza\u00e7\u00e3o da primeira missa quando da instala\u00e7\u00e3o da Capital, Palmas, em 20 de maio de 1989.<\/p>\n<p><strong>10 &#8211; Pra\u00e7a de Alimenta\u00e7\u00e3o<\/strong>\u00a0\u2013 Composta por quiosques, parque de divers\u00f5es e banheiros p\u00fablicos, recebe fam\u00edlias, no final do dia, para apreciar a beleza da pra\u00e7a e p\u00f4r do sol de Palmas.<\/p>\n<p><strong>11 &#8211; Fonte Luminosa<\/strong>\u00a0\u2013 Com jatos d\u2019\u00e1gua que chegam a 15m de altura, a Fonte Luminosa projeta composi\u00e7\u00f5es em forma de girassol com p\u00e9talas abertas.<\/p>\n<p><strong>12 &#8211; Rel\u00f3gio do Sol<\/strong>\u00a0\u2013 Funciona pela sombra projetada por uma haste, orientada nos pontos cardeais e na latitude do lugar. O rel\u00f3gio tem import\u00e2ncia tamb\u00e9m como fonte de pesquisa e estudo.<\/p>\n<p><strong>13 &#8211; Cascata<\/strong>\u00a0\u2013\u00a0Com 1.200m\u00b2, representa os atrativos naturais do Tocantins: rios, cachoeiras e plantas nativas do cerrado.<\/p>\n","protected":false},"excerpt":{"rendered":"<p>Considerada uma das maiores pra\u00e7as do mundo, a Pra\u00e7a dos Girass\u00f3is, situada no marco central de Palmas e no centro geod\u00e9sico do Brasil, abriga os tr\u00eas poderes tocantinenses: poder executivo \u2013 Pal\u00e1cio Araguaia, poder legislativo \u2013 Pal\u00e1cio Jo\u00e3o D\u2019Abreu, e poder judici\u00e1rio \u2013 Pal\u00e1cio Rio Tocantins. A partir da pra\u00e7a, tendo-se como refer\u00eancia o Pal\u00e1cio [&hellip;]<\/p>\n","protected":false},"author":2,"featured_media":3168,"comment_status":"open","ping_status":"open","sticky":false,"template":"","format":"standard","meta":[],"categories":[2,3],"tags":[],"_links":{"self":[{"href":"https:\/\/dgospel.com.br\/portal\/index.php\/wp-json\/wp\/v2\/posts\/3167"}],"collection":[{"href":"https:\/\/dgospel.com.br\/portal\/index.php\/wp-json\/wp\/v2\/posts"}],"about":[{"href":"https:\/\/dgospel.com.br\/portal\/index.php\/wp-json\/wp\/v2\/types\/post"}],"author":[{"embeddable":true,"href":"https:\/\/dgospel.com.br\/portal\/index.php\/wp-json\/wp\/v2\/users\/2"}],"replies":[{"embeddable":true,"href":"https:\/\/dgospel.com.br\/portal\/index.php\/wp-json\/wp\/v2\/comments?post=3167"}],"version-history":[{"count":1,"href":"https:\/\/dgospel.com.br\/portal\/index.php\/wp-json\/wp\/v2\/posts\/3167\/revisions"}],"predecessor-version":[{"id":3169,"href":"https:\/\/dgospel.com.br\/portal\/index.php\/wp-json\/wp\/v2\/posts\/3167\/revisions\/3169"}],"wp:featuredmedia":[{"embeddable":true,"href":"https:\/\/dgospel.com.br\/portal\/index.php\/wp-json\/wp\/v2\/media\/3168"}],"wp:attachment":[{"href":"https:\/\/dgospel.com.br\/portal\/index.php\/wp-json\/wp\/v2\/media?parent=3167"}],"wp:term":[{"taxonomy":"category","embeddable":true,"href":"https:\/\/dgospel.com.br\/portal\/index.php\/wp-json\/wp\/v2\/categories?post=3167"},{"taxonomy":"post_tag","embeddable":true,"href":"https:\/\/dgospel.com.br\/portal\/index.php\/wp-json\/wp\/v2\/tags?post=3167"}],"curies":[{"name":"wp","href":"https:\/\/api.w.org\/{rel}","templated":true}]}}