{"id":3176,"date":"2019-05-21T13:07:23","date_gmt":"2019-05-21T16:07:23","guid":{"rendered":"http:\/\/dgospel.com.br\/portal\/?p=3176"},"modified":"2019-05-21T13:07:23","modified_gmt":"2019-05-21T16:07:23","slug":"policia-civil-prende-em-flagrante-homem-por-golpe-de-chupa-cabra-em-banco-de-palmas","status":"publish","type":"post","link":"https:\/\/dgospel.com.br\/portal\/index.php\/2019\/05\/21\/policia-civil-prende-em-flagrante-homem-por-golpe-de-chupa-cabra-em-banco-de-palmas\/","title":{"rendered":"Pol\u00edcia Civil prende em flagrante homem por golpe de \u201cchupa cabra\u201d em banco de Palmas"},"content":{"rendered":"<p>A Pol\u00edcia Civil, por meio da Delegacia Especializada em Investiga\u00e7\u00f5es Criminais (DEIC Palmas),\u00a0 prendeu em flagrante, na noite desta segunda-feira, 20, um homem de 22 anos, pela pr\u00e1tica de furto qualificado mediante fraude em uma ag\u00eancia banc\u00e1ria localizada na Avenida Juscelino Kubitschek, na Capital.<\/p>\n<p>Segundo o delegado respons\u00e1vel pela apura\u00e7\u00e3o, Evaldo de Oliveira Gomes, por volta de 19h, a Pol\u00edcia Civil recebeu a informa\u00e7\u00e3o sobre uma movimenta\u00e7\u00e3o suspeita na referida ag\u00eancia banc\u00e1ria. E quando a equipe da DEIC chegou ao local, abordou o suspeito, que havia instalado um dispositivo eletr\u00f4nico conhecido como &#8220;chupa cabra&#8221;.<\/p>\n<p>A institui\u00e7\u00e3o banc\u00e1ria informou que o homem teria conseguido acessar uma conta e estava tentando fazer uma transfer\u00eancia de R$ 10 mil. O suspeito confessou aos policiais civis que realmente havia instalado o equipamento com o objetivo de realizar fraudes.<\/p>\n<p>O autor recebeu voz de pris\u00e3o e foi apresentado, junto com o mecanismo de inform\u00e1tica, na Central de Atendimento da Pol\u00edcia Civil, regi\u00e3o Central de Palmas, ao delegado Jo\u00e3o Batista Marques, que determinou a autua\u00e7\u00e3o em flagrante.<\/p>\n<p>A pena para esse tipo de infra\u00e7\u00e3o \u00e9 de reclus\u00e3o de dois a oito anos, e multa. O suspeito foi encaminhado para a Casa de Pris\u00e3o Provis\u00f3ria (CPP) de Palmas, onde permanece \u00e0 disposi\u00e7\u00e3o do Poder Judici\u00e1rio.<\/p>\n","protected":false},"excerpt":{"rendered":"<p>A Pol\u00edcia Civil, por meio da Delegacia Especializada em Investiga\u00e7\u00f5es Criminais (DEIC Palmas),\u00a0 prendeu em flagrante, na noite desta segunda-feira, 20, um homem de 22 anos, pela pr\u00e1tica de furto qualificado mediante fraude em uma ag\u00eancia banc\u00e1ria localizada na Avenida Juscelino Kubitschek, na Capital. Segundo o delegado respons\u00e1vel pela apura\u00e7\u00e3o, Evaldo de Oliveira Gomes, por [&hellip;]<\/p>\n","protected":false},"author":2,"featured_media":3177,"comment_status":"open","ping_status":"open","sticky":false,"template":"","format":"standard","meta":[],"categories":[2,3],"tags":[],"_links":{"self":[{"href":"https:\/\/dgospel.com.br\/portal\/index.php\/wp-json\/wp\/v2\/posts\/3176"}],"collection":[{"href":"https:\/\/dgospel.com.br\/portal\/index.php\/wp-json\/wp\/v2\/posts"}],"about":[{"href":"https:\/\/dgospel.com.br\/portal\/index.php\/wp-json\/wp\/v2\/types\/post"}],"author":[{"embeddable":true,"href":"https:\/\/dgospel.com.br\/portal\/index.php\/wp-json\/wp\/v2\/users\/2"}],"replies":[{"embeddable":true,"href":"https:\/\/dgospel.com.br\/portal\/index.php\/wp-json\/wp\/v2\/comments?post=3176"}],"version-history":[{"count":1,"href":"https:\/\/dgospel.com.br\/portal\/index.php\/wp-json\/wp\/v2\/posts\/3176\/revisions"}],"predecessor-version":[{"id":3178,"href":"https:\/\/dgospel.com.br\/portal\/index.php\/wp-json\/wp\/v2\/posts\/3176\/revisions\/3178"}],"wp:featuredmedia":[{"embeddable":true,"href":"https:\/\/dgospel.com.br\/portal\/index.php\/wp-json\/wp\/v2\/media\/3177"}],"wp:attachment":[{"href":"https:\/\/dgospel.com.br\/portal\/index.php\/wp-json\/wp\/v2\/media?parent=3176"}],"wp:term":[{"taxonomy":"category","embeddable":true,"href":"https:\/\/dgospel.com.br\/portal\/index.php\/wp-json\/wp\/v2\/categories?post=3176"},{"taxonomy":"post_tag","embeddable":true,"href":"https:\/\/dgospel.com.br\/portal\/index.php\/wp-json\/wp\/v2\/tags?post=3176"}],"curies":[{"name":"wp","href":"https:\/\/api.w.org\/{rel}","templated":true}]}}