{"id":3179,"date":"2019-05-21T14:31:57","date_gmt":"2019-05-21T17:31:57","guid":{"rendered":"http:\/\/dgospel.com.br\/portal\/?p=3179"},"modified":"2019-05-21T14:31:57","modified_gmt":"2019-05-21T17:31:57","slug":"parque-cesamar-foi-palco-do-corte-do-bolo-de-30-anos-da-capital","status":"publish","type":"post","link":"https:\/\/dgospel.com.br\/portal\/index.php\/2019\/05\/21\/parque-cesamar-foi-palco-do-corte-do-bolo-de-30-anos-da-capital\/","title":{"rendered":"Parque Cesamar foi palco do corte do bolo de 30 anos da Capital"},"content":{"rendered":"<p class=\"yiv6182432982MsoNormal\">Ap\u00f3s a festa que levou cerca de cem mil pessoas para a Praia da Graciosa na noite de domingo, 19,\u00a0centenas de fam\u00edlias compareceram \u00e0 celebra\u00e7\u00e3o de anivers\u00e1rio de 30 anos de Palmas, na manh\u00e3 desta segunda-feira, 20, no Parque Cesamar \u00a0para cantar parab\u00e9ns \u00e0 cidade e em seguida cortar o bolo.<\/p>\n<p class=\"yiv6182432982MsoNormal\">A\u00a0programa\u00e7\u00e3o incluiu culto ecum\u00eanico e m\u00fasica ao vivo da Orquestra Jovem e o Coral da Guarda Metropolitana de Palmas e da participa\u00e7\u00e3o do m\u00fasico regional Braguinha Barroso, que cantou o Hino Popular de Palmas: \u2018Can\u00e7\u00e3o de amor a Palmas\u2019.<\/p>\n<p class=\"yiv6182432982MsoNormal\">Antes do corte do bolo, a Prefeita Cinthia Ribeiro disse que Palmas vive um momento \u00edmpar e por isso h\u00e1 tantos motivos para celebrar esses 30 anos. \u201cPalmas vive um tempo novo, em todos os sentidos, e esse tempo novo vai marcar muitas alegrias na Capital e na vida das pessoas\u201d, disse lembrando que a cidade vive um momento de resgate e de pertencimento, com uma gest\u00e3o cada vez mais humanizada e rica, principalmente, em calor humano.<\/p>\n<p class=\"yiv6182432982MsoNormal\">Maria do Socorro, moradora de Palmas desde 1999, estava com toda a fam\u00edlia no Parque Cesamar e declarou que praticamente todos os anos frequenta a festa do corte do bolo por entender que \u00e9 uma homenagem \u00e0 cidade que tanto ama. \u201cEu amo minha cidade. Palmas \u00e9 muito bonita\u201d, disse.<\/p>\n<p class=\"yiv6182432982MsoNormal\">J\u00e1 o pequeno Miguel Ramos, de 5 anos, disse que comeu dois peda\u00e7os e estava levando mais um para casa. \u201dEu gostei muito do bolo e da banda tocando, quero\u00a0tudo de novo\u201d, falou.<\/p>\n<p class=\"yiv6182432982MsoNormal\">O presidente da Funda\u00e7\u00e3o Cultural de Palmas, Giovanni Assis, assegurou que os elogios s\u00e3o fruto do capricho com que tudo foi feito, momento em que agradeceu a cortesia do Quartettos Supermercados que mais uma vez ofereceu o bolo para festejar a data t\u00e3o importante para todos os moradores da Capital.<\/p>\n<p class=\"yiv6182432982MsoNormal\">\n","protected":false},"excerpt":{"rendered":"<p>Ap\u00f3s a festa que levou cerca de cem mil pessoas para a Praia da Graciosa na noite de domingo, 19,\u00a0centenas de fam\u00edlias compareceram \u00e0 celebra\u00e7\u00e3o de anivers\u00e1rio de 30 anos de Palmas, na manh\u00e3 desta segunda-feira, 20, no Parque Cesamar \u00a0para cantar parab\u00e9ns \u00e0 cidade e em seguida cortar o bolo. A\u00a0programa\u00e7\u00e3o incluiu culto ecum\u00eanico [&hellip;]<\/p>\n","protected":false},"author":2,"featured_media":3182,"comment_status":"open","ping_status":"open","sticky":false,"template":"","format":"standard","meta":[],"categories":[2,3],"tags":[],"_links":{"self":[{"href":"https:\/\/dgospel.com.br\/portal\/index.php\/wp-json\/wp\/v2\/posts\/3179"}],"collection":[{"href":"https:\/\/dgospel.com.br\/portal\/index.php\/wp-json\/wp\/v2\/posts"}],"about":[{"href":"https:\/\/dgospel.com.br\/portal\/index.php\/wp-json\/wp\/v2\/types\/post"}],"author":[{"embeddable":true,"href":"https:\/\/dgospel.com.br\/portal\/index.php\/wp-json\/wp\/v2\/users\/2"}],"replies":[{"embeddable":true,"href":"https:\/\/dgospel.com.br\/portal\/index.php\/wp-json\/wp\/v2\/comments?post=3179"}],"version-history":[{"count":1,"href":"https:\/\/dgospel.com.br\/portal\/index.php\/wp-json\/wp\/v2\/posts\/3179\/revisions"}],"predecessor-version":[{"id":3183,"href":"https:\/\/dgospel.com.br\/portal\/index.php\/wp-json\/wp\/v2\/posts\/3179\/revisions\/3183"}],"wp:featuredmedia":[{"embeddable":true,"href":"https:\/\/dgospel.com.br\/portal\/index.php\/wp-json\/wp\/v2\/media\/3182"}],"wp:attachment":[{"href":"https:\/\/dgospel.com.br\/portal\/index.php\/wp-json\/wp\/v2\/media?parent=3179"}],"wp:term":[{"taxonomy":"category","embeddable":true,"href":"https:\/\/dgospel.com.br\/portal\/index.php\/wp-json\/wp\/v2\/categories?post=3179"},{"taxonomy":"post_tag","embeddable":true,"href":"https:\/\/dgospel.com.br\/portal\/index.php\/wp-json\/wp\/v2\/tags?post=3179"}],"curies":[{"name":"wp","href":"https:\/\/api.w.org\/{rel}","templated":true}]}}