{"id":3184,"date":"2019-05-22T09:20:14","date_gmt":"2019-05-22T12:20:14","guid":{"rendered":"http:\/\/dgospel.com.br\/portal\/?p=3184"},"modified":"2019-05-22T16:42:49","modified_gmt":"2019-05-22T19:42:49","slug":"camara-municipal-de-palmas-realiza-sessao-solene-em-comemoracao-aos-71-anos-da-ciadseta","status":"publish","type":"post","link":"https:\/\/dgospel.com.br\/portal\/index.php\/2019\/05\/22\/camara-municipal-de-palmas-realiza-sessao-solene-em-comemoracao-aos-71-anos-da-ciadseta\/","title":{"rendered":"C\u00e2mara Municipal de Palmas realiza Sess\u00e3o Solene em comemora\u00e7\u00e3o aos 71 anos da CIADSETA"},"content":{"rendered":"<p><img loading=\"lazy\" class=\"alignnone size-medium wp-image-3186\" src=\"http:\/\/dgospel.com.br\/portal\/wp-content\/uploads\/2019\/05\/ffee143e-7fe6-4b1e-af16-622fef292c0c-262x300.jpg\" alt=\"\" width=\"262\" height=\"300\" srcset=\"https:\/\/dgospel.com.br\/portal\/wp-content\/uploads\/2019\/05\/ffee143e-7fe6-4b1e-af16-622fef292c0c-262x300.jpg 262w, https:\/\/dgospel.com.br\/portal\/wp-content\/uploads\/2019\/05\/ffee143e-7fe6-4b1e-af16-622fef292c0c.jpg 650w\" sizes=\"(max-width: 262px) 100vw, 262px\" \/>Ser\u00e1 realizada nesta quinta-feira, 23, no Plen\u00e1rio da C\u00e2mara Municipal de Palmas, uma Sess\u00e3o Solene alusiva aos 71 anos da CIADSETA \u2013 Conven\u00e7\u00e3o Interestadual das Assembleias de Deus do SETA.<\/p>\n<p>A propositura \u00e9 do vereador H\u00e9lio Santana (PV). \u201cEssa propositura se faz necess\u00e1ria por estarmos atendendo solicita\u00e7\u00e3o da popula\u00e7\u00e3o e mostra-se de extrema import\u00e2ncia, pois a Conven\u00e7\u00e3o Interestadual das Assembleias de Deus do SETA (CIADSETA), celebra este ano 71 anos de hist\u00f3ria. Diante disso, considerando os relevantes servi\u00e7os religiosos e sociais desenvolvidos ao longo desses prof\u00edcuos anos, especialmente no que concerne a restaura\u00e7\u00e3o de vidas e milit\u00e2ncia pela paz, dentre outros. A Institui\u00e7\u00e3o faz jus \u00e0 homenagem proposta\u201d, declarou Santana<\/p>\n<p>A CIADSETA veio a existir no dia 25 de Abril de 1948, quando Deus levantou um homem por nome Armando Chaves Cohen, e mostrou-lhe a necessidade de evangeliza\u00e7\u00e3o \u00e0s margens dos rios Tocantins e Araguaia. Sendo denominada de SETA &#8211;&nbsp; Servi\u00e7o de Evangeliza\u00e7\u00e3o dos Rios Tocantins e Araguaia, mas com o grande crescimento onde veio a alcan\u00e7ar v\u00e1rios estados passou a ser chamada de CIADSETA \u2013 Conven\u00e7\u00e3o Interestadual das Assembleias de Deus do SETA.<\/p>\n<p>Atualmente liderada pelo Pastor Paulo Martins Neto, a CIADSETA est\u00e1 presente em todos os munic\u00edpios tocantinenses, e \u00e9 pioneira em Palmas. Uma institui\u00e7\u00e3o que tem contribu\u00edda para o bem social e espiritual da sociedade palmense.<\/p>\n<p>O autor do requerimento vereador H\u00e9lio Santana convida os ministros filiados \u00e0 CIADSETA para participarem da Sess\u00e3o Solene, que acontecer\u00e1 no Plen\u00e1rio da C\u00e2mara Municipal de Palmas, nesta quinta-feira, 23, \u00e0s 9 horas.<\/p>\n","protected":false},"excerpt":{"rendered":"<p>Ser\u00e1 realizada nesta quinta-feira, 23, no Plen\u00e1rio da C\u00e2mara Municipal de Palmas, uma Sess\u00e3o Solene alusiva aos 71 anos da CIADSETA \u2013 Conven\u00e7\u00e3o Interestadual das Assembleias de Deus do SETA. A propositura \u00e9 do vereador H\u00e9lio Santana (PV). \u201cEssa propositura se faz necess\u00e1ria por estarmos atendendo solicita\u00e7\u00e3o da popula\u00e7\u00e3o e mostra-se de extrema import\u00e2ncia, pois [&hellip;]<\/p>\n","protected":false},"author":2,"featured_media":3185,"comment_status":"open","ping_status":"open","sticky":false,"template":"","format":"standard","meta":[],"categories":[5],"tags":[],"_links":{"self":[{"href":"https:\/\/dgospel.com.br\/portal\/index.php\/wp-json\/wp\/v2\/posts\/3184"}],"collection":[{"href":"https:\/\/dgospel.com.br\/portal\/index.php\/wp-json\/wp\/v2\/posts"}],"about":[{"href":"https:\/\/dgospel.com.br\/portal\/index.php\/wp-json\/wp\/v2\/types\/post"}],"author":[{"embeddable":true,"href":"https:\/\/dgospel.com.br\/portal\/index.php\/wp-json\/wp\/v2\/users\/2"}],"replies":[{"embeddable":true,"href":"https:\/\/dgospel.com.br\/portal\/index.php\/wp-json\/wp\/v2\/comments?post=3184"}],"version-history":[{"count":2,"href":"https:\/\/dgospel.com.br\/portal\/index.php\/wp-json\/wp\/v2\/posts\/3184\/revisions"}],"predecessor-version":[{"id":3211,"href":"https:\/\/dgospel.com.br\/portal\/index.php\/wp-json\/wp\/v2\/posts\/3184\/revisions\/3211"}],"wp:featuredmedia":[{"embeddable":true,"href":"https:\/\/dgospel.com.br\/portal\/index.php\/wp-json\/wp\/v2\/media\/3185"}],"wp:attachment":[{"href":"https:\/\/dgospel.com.br\/portal\/index.php\/wp-json\/wp\/v2\/media?parent=3184"}],"wp:term":[{"taxonomy":"category","embeddable":true,"href":"https:\/\/dgospel.com.br\/portal\/index.php\/wp-json\/wp\/v2\/categories?post=3184"},{"taxonomy":"post_tag","embeddable":true,"href":"https:\/\/dgospel.com.br\/portal\/index.php\/wp-json\/wp\/v2\/tags?post=3184"}],"curies":[{"name":"wp","href":"https:\/\/api.w.org\/{rel}","templated":true}]}}