{"id":3220,"date":"2019-05-23T20:16:13","date_gmt":"2019-05-23T23:16:13","guid":{"rendered":"http:\/\/dgospel.com.br\/portal\/?p=3220"},"modified":"2019-05-23T20:16:19","modified_gmt":"2019-05-23T23:16:19","slug":"no-senado-prefeita-cinthia-ribeiro-reivindica-uniao-do-congresso-por-novo-pacto-federativo","status":"publish","type":"post","link":"https:\/\/dgospel.com.br\/portal\/index.php\/2019\/05\/23\/no-senado-prefeita-cinthia-ribeiro-reivindica-uniao-do-congresso-por-novo-pacto-federativo\/","title":{"rendered":"No Senado, prefeita Cinthia Ribeiro reivindica uni\u00e3o do Congresso por novo pacto federativo"},"content":{"rendered":"\n<p>Em pronunciamento marcado por emo\u00e7\u00e3o, com lembran\u00e7as e reconhecimento a quem lutou pela cria\u00e7\u00e3o e a todos que atuam pelo desenvolvimento da Capital do Tocantins, mas tamb\u00e9m com reivindica\u00e7\u00f5es, a prefeita de Palmas, Cinthia Ribeiro, fez um apelo na tribuna do Senado pelo empenho de parlamentares pelo novo pacto federativo do Brasil, com partilha mais justa aos munic\u00edpios das verbas p\u00fablicas. A solicita\u00e7\u00e3o foi feita durante sess\u00e3o solene em homenagem aos 30 anos de Palmas, no Senado. A cerim\u00f4nia foi requerida pelo senador Eduardo Gomes, com apoio e ades\u00e3o de mais de 30 parlamentares da Casa.&nbsp;<\/p>\n\n\n\n<p>Como vice-presidente da Frente Nacional de Prefeitos (FNP), a gestora conclamou a bancada tocantinense e todo o Congresso para ampliar o debate sobre o novo Pacto Federativo, \u201cque permita aos estados e munic\u00edpios voltarem a investir na melhoria da qualidade de vida de suas popula\u00e7\u00f5es\u201d.<\/p>\n\n\n\n<p>\u201cPalmas ainda \u00e9 uma cidade privilegiada, com sa\u00fade financeira e capacidade de endividamento que lhe permite buscar empr\u00e9stimos internacionais. Mas esta n\u00e3o \u00e9 a realidade da imensa maioria de munic\u00edpios, incluindo a\u00ed tamb\u00e9m o Estado do Tocantins, que hoje est\u00e1 impossibilitado de captar empr\u00e9stimos para investimentos\u201d, afirmou.&nbsp;<\/p>\n\n\n\n<p>A prefeita ressaltou ainda a necessidade de investimentos para a Capital. \u201cSobreviver apenas com o Fundo de Participa\u00e7\u00e3o do Munic\u00edpio e os parcos impostos municipais tornou-se quase imposs\u00edvel para quem tem a responsabilidade com a sa\u00fade b\u00e1sica, a educa\u00e7\u00e3o b\u00e1sica, o saneamento, parte da seguran\u00e7a, o transporte p\u00fablico, o lazer, a cultura e a assist\u00eancia social.\u201d<\/p>\n\n\n\n<p>Para ela, a sobrecarga sobre os munic\u00edpios \u201cdeve e precisa ser aliviada o mais urgente poss\u00edvel\u201d. \u201cPode estar a\u00ed a chave para o Brasil voltar a crescer, com cidades mais din\u00e2micas e&nbsp; Estados com capacidade de investimentos. O modelo de recursos centralizados na esfera federal j\u00e1 se mostrou esgotado e incapaz de gerar crescimento. Por isso, fa\u00e7o esse apelo para que o pacto federativo seja completamente revisto em favor das pessoas. Eu digo pessoas porque elas vivem nas cidades, nos estados&#8230;\u201d<\/p>\n\n\n\n<p>Segundo ela, este \u00e9 o pedido mais urgente que Palmas faz ao Brasil. \u201cVamos retribuir com muito crescimento, exibindo uma invej\u00e1vel qualidade de vida e um celeiro de oportunidades de neg\u00f3cios que se multiplicam a cada ano. Uma cidade que atinge uma popula\u00e7\u00e3o de 300 mil habitantes em apenas 30 anos, em pleno cerrado, onde n\u00e3o havia absolutamente nada, na isolada margem direita do rio Tocantins merece um olhar mais atento de todo o Brasil\u201d, citou.&nbsp;&nbsp;<\/p>\n\n\n\n<p><strong>Emo\u00e7\u00e3o<\/strong><\/p>\n\n\n\n<p>Na sess\u00e3o, Cinthia Ribeiro se emocionou ao lembrar de sua atua\u00e7\u00e3o profissional no Senado. \u201cOlho para este plen\u00e1rio e enxergo a minha hist\u00f3ria de vida. Esta casa me propiciou a primeira oportunidade de trabalho, depois que consegui minha forma\u00e7\u00e3o em An\u00e1polis, em Goi\u00e1s. Aqui nesta Casa aprendi a compreender o alcance da pol\u00edtica na vida das pessoas. Os debates de alto n\u00edvel que influenciam quem por aqui orbita\u201d, disse, ao citar o ex-senador Epit\u00e1cio Cafeteira, quem lhe proporcionou o primeiro emprego.&nbsp;<\/p>\n\n\n\n<p>Outro momento de emo\u00e7\u00e3o ocorreu quando a prefeita lembrou de Jo\u00e3o Ribeiro, senador falecido em 2013, com quem foi casada: \u201cOutro mestre da pol\u00edtica. Um entusiasta do Tocantins, um apaixonado pelo Brasil, conselheiro da Rep\u00fablica, pai exemplar, homem p\u00fablico amado e reconhecido pelo seu povo. Portanto, estar aqui hoje n\u00e3o \u00e9 um compromisso formal ou protocolar. \u00c9 talvez um dos momentos mais emocionantes da minha vida. A casa que me acolheu e que hoje acolhe a cidade que administro\u201d.<\/p>\n\n\n\n<p><strong>Agradecimentos<\/strong><\/p>\n\n\n\n<p>A prefeita fez agradecimento especial ao Senado. \u201cPalmas s\u00f3 tem a agradecer. O Senado \u00e9 um grande parceiro do qual esperamos muita grandeza no debate dos grandes temas nacionais que tamb\u00e9m nos interessam. A democracia passa por aqui e aqui ela \u00e9 aperfei\u00e7oada. Palmas e o Tocantins s\u00e3o frutos dessa democracia. Nasceram junto com a Constitui\u00e7\u00e3o cidad\u00e3\u201d, ressaltou.&nbsp;<\/p>\n\n\n\n<p>De acordo com a prefeita, Palmas deve muito ao Senado, por seu envolvimento na cria\u00e7\u00e3o do Tocantins. \u201cPelos recursos carreados pelas bancadas tocantinenses que aqui passaram e, muito recentemente pela aprova\u00e7\u00e3o desta casa de um financiamento junto ao banco Coopera\u00e7\u00e3o Andina de Fomento, na casa de US$ 60 milh\u00f5es que representar\u00e3o um novo salto no desenvolvimento de Palmas\u201d, disse.&nbsp;<\/p>\n\n\n\n<p><strong>Siqueira Campos<\/strong><\/p>\n\n\n\n<p>Em seu discurso, a prefeita exaltou a coragem e dedica\u00e7\u00e3o de Siqueira Campos. \u201cFoi esse olhar acurado e vision\u00e1rio do criador do estado do Tocantins que recaiu sobre uma \u00e1rea localizada entre uma serra e um rio que mais tarde se transformaria em lago. Este homem, de uma gera\u00e7\u00e3o que pensava grande, \u00e9 Siqueira Campos, deputado federal por cinco mandatos, quatro vezes governador do Tocantins, idealizador, criador e construtor de Palmas, hoje primeiro suplente de senador, tamb\u00e9m amado e reconhecido pelo seu povo\u201d, disse. \u201cNeste anivers\u00e1rio de 30 anos, Palmas se reconciliou com esta hist\u00f3ria, resgatando sentimentos puros e verdadeiros do bairrismo que toma conta da cidade. O palmense se orgulha da sua cidade e da sua hist\u00f3ria.&nbsp; Ter contribu\u00eddo com isso me faz gratificada\u201d, disse.&nbsp;<\/p>\n\n\n\n<p>Ao citar Siqueira Campos, a prefeita citou o sucesso das comemora\u00e7\u00f5es dos 30 anos de Palmas. \u201cRealizamos a maior festa de anivers\u00e1rio da hist\u00f3ria da capital de todos os tocantinenses. Mais de 100 mil pessoas nas margens do lago sonhado por Siqueira Campos, celebrando os 30 anos, com os artistas filhos da terra, a&nbsp; dupla Henrique e Juliano, os maiores astros da m\u00fasica sertaneja no Brasil atualmente. Dois garotos nascidos no Tocantins e investidores no Estado, cantando ao lado de artistas da terra durante quase 4 horas. Foi de arrepiar. Como est\u00e1 sendo para mim agora, narrar esses momentos num lugar t\u00e3o marcante para mim\u201d, finalizou.<\/p>\n","protected":false},"excerpt":{"rendered":"<p>Em pronunciamento marcado por emo\u00e7\u00e3o, com lembran\u00e7as e reconhecimento a quem lutou pela cria\u00e7\u00e3o e a todos que atuam pelo desenvolvimento da Capital do Tocantins, mas tamb\u00e9m com reivindica\u00e7\u00f5es, a prefeita de Palmas, Cinthia Ribeiro, fez um apelo na tribuna do Senado pelo empenho de parlamentares pelo novo pacto federativo do Brasil, com partilha mais [&hellip;]<\/p>\n","protected":false},"author":2,"featured_media":3221,"comment_status":"open","ping_status":"open","sticky":false,"template":"","format":"standard","meta":[],"categories":[4],"tags":[],"_links":{"self":[{"href":"https:\/\/dgospel.com.br\/portal\/index.php\/wp-json\/wp\/v2\/posts\/3220"}],"collection":[{"href":"https:\/\/dgospel.com.br\/portal\/index.php\/wp-json\/wp\/v2\/posts"}],"about":[{"href":"https:\/\/dgospel.com.br\/portal\/index.php\/wp-json\/wp\/v2\/types\/post"}],"author":[{"embeddable":true,"href":"https:\/\/dgospel.com.br\/portal\/index.php\/wp-json\/wp\/v2\/users\/2"}],"replies":[{"embeddable":true,"href":"https:\/\/dgospel.com.br\/portal\/index.php\/wp-json\/wp\/v2\/comments?post=3220"}],"version-history":[{"count":1,"href":"https:\/\/dgospel.com.br\/portal\/index.php\/wp-json\/wp\/v2\/posts\/3220\/revisions"}],"predecessor-version":[{"id":3222,"href":"https:\/\/dgospel.com.br\/portal\/index.php\/wp-json\/wp\/v2\/posts\/3220\/revisions\/3222"}],"wp:featuredmedia":[{"embeddable":true,"href":"https:\/\/dgospel.com.br\/portal\/index.php\/wp-json\/wp\/v2\/media\/3221"}],"wp:attachment":[{"href":"https:\/\/dgospel.com.br\/portal\/index.php\/wp-json\/wp\/v2\/media?parent=3220"}],"wp:term":[{"taxonomy":"category","embeddable":true,"href":"https:\/\/dgospel.com.br\/portal\/index.php\/wp-json\/wp\/v2\/categories?post=3220"},{"taxonomy":"post_tag","embeddable":true,"href":"https:\/\/dgospel.com.br\/portal\/index.php\/wp-json\/wp\/v2\/tags?post=3220"}],"curies":[{"name":"wp","href":"https:\/\/api.w.org\/{rel}","templated":true}]}}