{"id":3225,"date":"2019-05-24T09:25:04","date_gmt":"2019-05-24T12:25:04","guid":{"rendered":"http:\/\/dgospel.com.br\/portal\/?p=3225"},"modified":"2019-05-24T09:25:05","modified_gmt":"2019-05-24T12:25:05","slug":"presidente-da-al-destaca-participacao-dos-deputados-na-criacao-e-consolidacao-de-palmas","status":"publish","type":"post","link":"https:\/\/dgospel.com.br\/portal\/index.php\/2019\/05\/24\/presidente-da-al-destaca-participacao-dos-deputados-na-criacao-e-consolidacao-de-palmas\/","title":{"rendered":"Presidente da AL destaca participa\u00e7\u00e3o dos deputados na cria\u00e7\u00e3o e consolida\u00e7\u00e3o de Palmas"},"content":{"rendered":"\n<p>Na manh\u00e3\ndesta quinta-feira, 23, aconteceu no Senado Federal, em Bras\u00edlia, a sess\u00e3o\nespecial em homenagem ao anivers\u00e1rio de 30 anos de Palmas, comemorado no \u00faltimo\ndia 20.<\/p>\n\n\n\n<p>O presidente da Assembleia\nLegislativa do Tocantins, deputado Antonio Andrade (PHS), foi um dos convidados\npara compor a mesa de honra e tamb\u00e9m representar o governador Mauro Carlesse\n(PHS).<\/p>\n\n\n\n<p>A sess\u00e3o foi proposta pelo senador\nEduardo Gomes (DEM), que a presidiu. O primeiro a discursar foi Antonio\nAndrade; ele fez um pequeno balan\u00e7o hist\u00f3rico da cria\u00e7\u00e3o do Estado, ressaltando\na participa\u00e7\u00e3o dos deputados constituintes na cria\u00e7\u00e3o e instala\u00e7\u00e3o da capital.<\/p>\n\n\n\n<p>Andrade tamb\u00e9m destacou a import\u00e2ncia\ndo trabalho realizado pelo Poder Legislativo Estadual na consolida\u00e7\u00e3o de Palmas\ndurante esses 30 anos, com destina\u00e7\u00e3o de recursos e aprova\u00e7\u00e3o de leis\npriorit\u00e1rias para o seu desenvolvimento.<\/p>\n\n\n\n<p>O ex-governador Siqueira Campos,\ndeputado constituinte e autor da fus\u00e3o de emendas que resultou na inclus\u00e3o do\nEstado do Tocantins nas Disposi\u00e7\u00f5es Transit\u00f3rias da Constitui\u00e7\u00e3o de 1988, e\ncriador de Palmas, foi exaltado pelo presidente da Assembleia Legislativa.<\/p>\n\n\n\n<p>O presidente do Legislativo\ntocantinense afirmou que o ex-governador Siqueira Campos foi o grande timoneiro\nda cria\u00e7\u00e3o e consolida\u00e7\u00e3o da capital do Estado do Tocantins. &#8220;Para isso,\nsempre contou com o apoio dos parlamentares estaduais, deputados federais e\nsenadores, assim como dos integrantes dos demais poderes, empres\u00e1rios e popula\u00e7\u00e3o\nem geral, que ajudaram a transformar Palmas em uma das melhores cidades do\nmundo para se viver&#8221;, encerrou o parlamentar, desejando um futuro cada vez\nmais brilhante para a \u00faltima capital planejada do s\u00e9culo XX.<\/p>\n\n\n\n<p>A prefeita Cinthia Ribeiro discursou\nem seguida. Logo ap\u00f3s, v\u00e1rios deputados e senadores tamb\u00e9m prestaram suas\nhomenagens \u00e0 capital do Tocantins. Al\u00e9m do presidente da Assembleia tamb\u00e9m\nestiveram presentes na sess\u00e3o os deputados estaduais, Cl\u00e1udia L\u00e9lis (PV),\nCleiton Cardoso (PTC), Issam Saado (PV), L\u00e9o Barbosa (SD), Olyntho Neto (PSDB),\nVilmar de Oliveira (SD) e&nbsp;Ricardo Ayres (PSB).<\/p>\n\n\n\n<p>Tamb\u00e9m marcaram presen\u00e7a, al\u00e9m dos\ndeputados estaduais, Ivoti Lira, Issan, Valdemar Jr. Jair Farias, Cl\u00e1udia&nbsp;\nLellis, L\u00e9o Barbosa, Ricardo Aires, Cleito Cardoso e Olyntho Neto (PSDB). al\u00e9m\ndos deputados federais Tiago Dimas, Dorinha Seabra, Celio Moura, Eli Borges e o\nsenador Iraj\u00e1 Abreu.<\/p>\n","protected":false},"excerpt":{"rendered":"<p>Na manh\u00e3 desta quinta-feira, 23, aconteceu no Senado Federal, em Bras\u00edlia, a sess\u00e3o especial em homenagem ao anivers\u00e1rio de 30 anos de Palmas, comemorado no \u00faltimo dia 20. O presidente da Assembleia Legislativa do Tocantins, deputado Antonio Andrade (PHS), foi um dos convidados para compor a mesa de honra e tamb\u00e9m representar o governador Mauro [&hellip;]<\/p>\n","protected":false},"author":2,"featured_media":3226,"comment_status":"open","ping_status":"open","sticky":false,"template":"","format":"standard","meta":[],"categories":[8],"tags":[],"_links":{"self":[{"href":"https:\/\/dgospel.com.br\/portal\/index.php\/wp-json\/wp\/v2\/posts\/3225"}],"collection":[{"href":"https:\/\/dgospel.com.br\/portal\/index.php\/wp-json\/wp\/v2\/posts"}],"about":[{"href":"https:\/\/dgospel.com.br\/portal\/index.php\/wp-json\/wp\/v2\/types\/post"}],"author":[{"embeddable":true,"href":"https:\/\/dgospel.com.br\/portal\/index.php\/wp-json\/wp\/v2\/users\/2"}],"replies":[{"embeddable":true,"href":"https:\/\/dgospel.com.br\/portal\/index.php\/wp-json\/wp\/v2\/comments?post=3225"}],"version-history":[{"count":1,"href":"https:\/\/dgospel.com.br\/portal\/index.php\/wp-json\/wp\/v2\/posts\/3225\/revisions"}],"predecessor-version":[{"id":3227,"href":"https:\/\/dgospel.com.br\/portal\/index.php\/wp-json\/wp\/v2\/posts\/3225\/revisions\/3227"}],"wp:featuredmedia":[{"embeddable":true,"href":"https:\/\/dgospel.com.br\/portal\/index.php\/wp-json\/wp\/v2\/media\/3226"}],"wp:attachment":[{"href":"https:\/\/dgospel.com.br\/portal\/index.php\/wp-json\/wp\/v2\/media?parent=3225"}],"wp:term":[{"taxonomy":"category","embeddable":true,"href":"https:\/\/dgospel.com.br\/portal\/index.php\/wp-json\/wp\/v2\/categories?post=3225"},{"taxonomy":"post_tag","embeddable":true,"href":"https:\/\/dgospel.com.br\/portal\/index.php\/wp-json\/wp\/v2\/tags?post=3225"}],"curies":[{"name":"wp","href":"https:\/\/api.w.org\/{rel}","templated":true}]}}