{"id":3228,"date":"2019-05-24T09:31:41","date_gmt":"2019-05-24T12:31:41","guid":{"rendered":"http:\/\/dgospel.com.br\/portal\/?p=3228"},"modified":"2019-05-24T10:17:28","modified_gmt":"2019-05-24T13:17:28","slug":"lar-batista-recebe-visita-dos-servidores-da-secretaria-de-estado-de-cidadania-e-justica-visitam","status":"publish","type":"post","link":"https:\/\/dgospel.com.br\/portal\/index.php\/2019\/05\/24\/lar-batista-recebe-visita-dos-servidores-da-secretaria-de-estado-de-cidadania-e-justica-visitam\/","title":{"rendered":"Lar Batista recebe visita dos servidores da Secretaria de Estado de Cidadania e Justi\u00e7a"},"content":{"rendered":"\n<p>O secret\u00e1rio executivo da Secretaria de Estado de Cidadania e Justi\u00e7a (Seciju), Geraldo Divino Cabral, e servidores da Superintend\u00eancia de Administra\u00e7\u00e3o do Sistema de Prote\u00e7\u00e3o dos Direitos da Crian\u00e7a e do Adolescente da Seciju visitaram o Lar Batista F. F. Soren que acolhe crian\u00e7as e adolescentes em situa\u00e7\u00e3o de vulnerabilidade pessoal e social, encaminhadas pela Vara da Inf\u00e2ncia e da Juventude e Minist\u00e9rio P\u00fablico.<\/p>\n\n\n\n<p>\u201cA visita teve o objetivo de conhecer o funcionamento e finalidade da institui\u00e7\u00e3o a fim de promover o estreitamento de la\u00e7os entre o Lar Batista e a Secretaria de Cidadania e Justi\u00e7a com a finalidade de compartilhar dados e contribuir com campanhas de prote\u00e7\u00e3o dos direitos da crian\u00e7a e adolescentes atendidos\u201d, explicou o secret\u00e1rio Executivo da Seciju, Geraldo Cabral.&nbsp;<\/p>\n\n\n\n<p>A psic\u00f3loga da institui\u00e7\u00e3o, Aline Cardoso Saraiva, recebeu a equipe da Seciju e apresentou a estrutura, rotinas e hist\u00f3ria do Lar Batista que est\u00e1 comemorando 77 anos de funda\u00e7\u00e3o. \u201cAtualmente atendemos 11 crian\u00e7as, s\u00e3o seis meninas e cinco meninos. Temos quatro casas mobiliadas com m\u00e3es sociais, s\u00e3o mulheres mission\u00e1rias que dedicam suas vidas a cuidar das crian\u00e7as e adolescentes no que tange educa\u00e7\u00e3o, aconselhamento e cuidados di\u00e1rios\u201d, destacou.<\/p>\n\n\n\n<p>\u201cEu n\u00e3o tive filhos e Deus me deu o privil\u00e9gio de cuidar dessas crian\u00e7as que os pais n\u00e3o puderam. Eu amo estar com eles e me sinto muito feliz vendo o quanto elas evoluem e se tornam pessoas melhores\u201d, ressaltou a M\u00e3e Social, Josilda Oliveira Alvares que cuida de seis meninas,&nbsp;de idades de 5 a 17 anos de idade.<\/p>\n\n\n\n<p>A psic\u00f3loga falou ainda que o Lar Batista \u00e9 uma institui\u00e7\u00e3o pertencente a Junta de Miss\u00f5es Nacionais da Conven\u00e7\u00e3o Batista Brasileira, uma organiza\u00e7\u00e3o religiosa, de natureza filantr\u00f3pica, educacional e social sem fins lucrativos que mant\u00e9m financeiramente os trabalhadores da institui\u00e7\u00e3o. \u201cN\u00f3s vivemos de parcerias e contribui\u00e7\u00f5es de entidades governamentais e sociedade, e atendemos crian\u00e7as e adolescentes de um raio de 160 quil\u00f4metros\u201d.&nbsp;&nbsp;&nbsp;<\/p>\n\n\n\n<p>O Lar Batista F. F. Soren fica no distrito de Luzimangues, pertencente ao munic\u00edpio de Porto Nacional, h\u00e1 20 quil\u00f4metros de Palmas, e neste s\u00e1bado, 25, a partir das 17h, sediar\u00e1 o Festival Gastron\u00f4mico que tem o objetivo de angariar fundos para manuten\u00e7\u00e3o e melhoria da infraestrutura f\u00edsica. A entrada \u00e9 gratuita e ser\u00e3o vendidos 30 tipos de pratos (doces e salgados) e bebidas.&nbsp;&nbsp;<\/p>\n","protected":false},"excerpt":{"rendered":"<p>O secret\u00e1rio executivo da Secretaria de Estado de Cidadania e Justi\u00e7a (Seciju), Geraldo Divino Cabral, e servidores da Superintend\u00eancia de Administra\u00e7\u00e3o do Sistema de Prote\u00e7\u00e3o dos Direitos da Crian\u00e7a e do Adolescente da Seciju visitaram o Lar Batista F. F. Soren que acolhe crian\u00e7as e adolescentes em situa\u00e7\u00e3o de vulnerabilidade pessoal e social, encaminhadas pela [&hellip;]<\/p>\n","protected":false},"author":2,"featured_media":3229,"comment_status":"open","ping_status":"open","sticky":false,"template":"","format":"standard","meta":[],"categories":[5],"tags":[],"_links":{"self":[{"href":"https:\/\/dgospel.com.br\/portal\/index.php\/wp-json\/wp\/v2\/posts\/3228"}],"collection":[{"href":"https:\/\/dgospel.com.br\/portal\/index.php\/wp-json\/wp\/v2\/posts"}],"about":[{"href":"https:\/\/dgospel.com.br\/portal\/index.php\/wp-json\/wp\/v2\/types\/post"}],"author":[{"embeddable":true,"href":"https:\/\/dgospel.com.br\/portal\/index.php\/wp-json\/wp\/v2\/users\/2"}],"replies":[{"embeddable":true,"href":"https:\/\/dgospel.com.br\/portal\/index.php\/wp-json\/wp\/v2\/comments?post=3228"}],"version-history":[{"count":2,"href":"https:\/\/dgospel.com.br\/portal\/index.php\/wp-json\/wp\/v2\/posts\/3228\/revisions"}],"predecessor-version":[{"id":3234,"href":"https:\/\/dgospel.com.br\/portal\/index.php\/wp-json\/wp\/v2\/posts\/3228\/revisions\/3234"}],"wp:featuredmedia":[{"embeddable":true,"href":"https:\/\/dgospel.com.br\/portal\/index.php\/wp-json\/wp\/v2\/media\/3229"}],"wp:attachment":[{"href":"https:\/\/dgospel.com.br\/portal\/index.php\/wp-json\/wp\/v2\/media?parent=3228"}],"wp:term":[{"taxonomy":"category","embeddable":true,"href":"https:\/\/dgospel.com.br\/portal\/index.php\/wp-json\/wp\/v2\/categories?post=3228"},{"taxonomy":"post_tag","embeddable":true,"href":"https:\/\/dgospel.com.br\/portal\/index.php\/wp-json\/wp\/v2\/tags?post=3228"}],"curies":[{"name":"wp","href":"https:\/\/api.w.org\/{rel}","templated":true}]}}