{"id":323,"date":"2018-05-24T00:30:39","date_gmt":"2018-05-24T03:30:39","guid":{"rendered":"http:\/\/dgospel.com.br\/portal\/?p=323"},"modified":"2018-05-24T00:30:39","modified_gmt":"2018-05-24T03:30:39","slug":"em-paraiso-siqueira-campos-defende-eleicao-de-carlesse-e-um-presente-e-uma-revelacao-para-o-tocantins","status":"publish","type":"post","link":"https:\/\/dgospel.com.br\/portal\/index.php\/2018\/05\/24\/em-paraiso-siqueira-campos-defende-eleicao-de-carlesse-e-um-presente-e-uma-revelacao-para-o-tocantins\/","title":{"rendered":"Em Para\u00edso, Siqueira Campos defende elei\u00e7\u00e3o de Carlesse: &#8220;\u00c9 um presente e uma revela\u00e7\u00e3o para o Tocantins&#8221;"},"content":{"rendered":"<p class=\"yiv6169930567MsoNormal\">A reuni\u00e3o pol\u00edtica de Mauro Carlesse, governador interino e candidato ao governo do Estado pela coliga\u00e7\u00e3o Governo de Atitude, em Para\u00edso do Tocantins na noite desta quarta-feira, 23, ficar\u00e1 marcada pela presen\u00e7a do ex-governador Siqueira Campos. Ele chegou ao evento cerca de 5 minutos ap\u00f3s a forma\u00e7\u00e3o do palanque e emocionou pol\u00edticos e comunidade.<\/p>\n<p class=\"yiv6169930567MsoNormal\">&#8220;Eu n\u00e3o poderia deixar de vir a Para\u00edso no momento em que esse l\u00edder, que \u00e9 uma das melhores revela\u00e7\u00f5es que o nosso Tocantins teve e est\u00e1 tendo, o governador Carlesse, aqui est\u00e1&#8221;, disse o ex-governador.<\/p>\n<p class=\"yiv6169930567MsoNormal\">Em um discurso breve e contundente, Siqueira Campos teceu elogios ao car\u00e1ter e preparo pol\u00edtico e administrativo de Mauro Carlesse. &#8220;Foi um bel\u00edssimo presente que estamos recebendo no Estado. Ele entregou o seu cora\u00e7\u00e3o ao Estado e tem uma energia que voc\u00eas n\u00e3o imaginam&#8221;, disse, enfatizando que Carlesse tamb\u00e9m possui o conhecimento necess\u00e1rio para contribuir com o Tocantins nas diversas \u00e1reas, da agricultura \u00e0 sa\u00fade. &#8220;\u00c9 uma pessoa extraordin\u00e1ria em todos os campos&#8221;, defendeu.<\/p>\n<p class=\"yiv6169930567MsoNormal\">O ex-governador tamb\u00e9m enfatizou uma caracter\u00edstica forte de Carlesse, que \u00e9 o desejo de encontrar, com a m\u00e1xima agilidade, a solu\u00e7\u00e3o para os problemas do Estado. &#8220;Ele sempre diz: &#8216;o Tocantins tem pressa&#8217;. E ele tem a mesma pressa e quer fazer o Estado chegar a um n\u00edvel de desenvolvimento onde a distribui\u00e7\u00e3o de renda e o fortalecimento da economia sejam uma revela\u00e7\u00e3o nas m\u00e3os de cada tocantinense. Voc\u00eas v\u00e3o me dizer o que era o Estado quando ele entrou e o que ser\u00e1 o Estado quando ele estiver saindo&#8221;.<\/p>\n<p class=\"yiv6169930567MsoNormal\">Golpe<\/p>\n<p class=\"yiv6169930567MsoNormal\">Para Siqueira Campos, a mudan\u00e7a na legisla\u00e7\u00e3o que resultou na realiza\u00e7\u00e3o de uma elei\u00e7\u00e3o direta h\u00e1 apenas seis meses do final do mandato de governador representa um golpe ao governo e ao povo do Estado. At\u00e9 bem pouco tempo, em caso de cassa\u00e7\u00e3o de mandato ap\u00f3s dois anos de gest\u00e3o, o presidente da Assembleia Legislativa assumia o cargo interinamente e era realizada elei\u00e7\u00e3o indireta (decidida pelos deputados estaduais).<\/p>\n<p class=\"yiv6169930567MsoNormal\">&#8220;Eu estou aqui em solidariedade ao nosso governador e ao seu povo pelo golpe que voc\u00eas sofreram&#8221;, afirmou, destacando a dificuldade de Carlesse de gerir o Estado e fazer campanha simultaneamente. Apesar disso, Siqueira mandou um recado aos opositores: &#8220;Quem est\u00e1 pensando que o Carlesse vai se embara\u00e7ar, est\u00e1 redondamente enganado. Ele \u00e9 forte, decidido, muito inteligente e competente&#8221;, disse.<\/p>\n<p class=\"yiv6169930567MsoNormal\">\u00c0 comunidade de Paraiso, Siqueira falou de seu carinho e reconhecimento pelo apoio que recebeu ao logo dos \u00faltimos 50 anos. &#8220;Eu tenho muito orgulho do companheirismo que voc\u00eas me proporcionaram e eu quero vir aqui sempre que houver qualquer coisa de interesse dessa querida comunidade. Hoje estou aqui em homenagem a voc\u00eas, mas tamb\u00e9m em homenagem a este grande e excelente l\u00edder, com vis\u00e3o das coisas, conhecimento da economia. Um homem preparado para o Tocantins&#8221;, frisou.<\/p>\n","protected":false},"excerpt":{"rendered":"<p>A reuni\u00e3o pol\u00edtica de Mauro Carlesse, governador interino e candidato ao governo do Estado pela coliga\u00e7\u00e3o Governo de Atitude, em Para\u00edso do Tocantins na noite desta quarta-feira, 23, ficar\u00e1 marcada pela presen\u00e7a do ex-governador Siqueira Campos. Ele chegou ao evento cerca de 5 minutos ap\u00f3s a forma\u00e7\u00e3o do palanque e emocionou pol\u00edticos e comunidade. &#8220;Eu [&hellip;]<\/p>\n","protected":false},"author":2,"featured_media":324,"comment_status":"open","ping_status":"open","sticky":false,"template":"","format":"standard","meta":[],"categories":[2,4],"tags":[],"_links":{"self":[{"href":"https:\/\/dgospel.com.br\/portal\/index.php\/wp-json\/wp\/v2\/posts\/323"}],"collection":[{"href":"https:\/\/dgospel.com.br\/portal\/index.php\/wp-json\/wp\/v2\/posts"}],"about":[{"href":"https:\/\/dgospel.com.br\/portal\/index.php\/wp-json\/wp\/v2\/types\/post"}],"author":[{"embeddable":true,"href":"https:\/\/dgospel.com.br\/portal\/index.php\/wp-json\/wp\/v2\/users\/2"}],"replies":[{"embeddable":true,"href":"https:\/\/dgospel.com.br\/portal\/index.php\/wp-json\/wp\/v2\/comments?post=323"}],"version-history":[{"count":1,"href":"https:\/\/dgospel.com.br\/portal\/index.php\/wp-json\/wp\/v2\/posts\/323\/revisions"}],"predecessor-version":[{"id":325,"href":"https:\/\/dgospel.com.br\/portal\/index.php\/wp-json\/wp\/v2\/posts\/323\/revisions\/325"}],"wp:featuredmedia":[{"embeddable":true,"href":"https:\/\/dgospel.com.br\/portal\/index.php\/wp-json\/wp\/v2\/media\/324"}],"wp:attachment":[{"href":"https:\/\/dgospel.com.br\/portal\/index.php\/wp-json\/wp\/v2\/media?parent=323"}],"wp:term":[{"taxonomy":"category","embeddable":true,"href":"https:\/\/dgospel.com.br\/portal\/index.php\/wp-json\/wp\/v2\/categories?post=323"},{"taxonomy":"post_tag","embeddable":true,"href":"https:\/\/dgospel.com.br\/portal\/index.php\/wp-json\/wp\/v2\/tags?post=323"}],"curies":[{"name":"wp","href":"https:\/\/api.w.org\/{rel}","templated":true}]}}