{"id":3231,"date":"2019-05-24T09:47:08","date_gmt":"2019-05-24T12:47:08","guid":{"rendered":"http:\/\/dgospel.com.br\/portal\/?p=3231"},"modified":"2019-05-24T09:47:09","modified_gmt":"2019-05-24T12:47:09","slug":"maioria-dos-ministros-do-stf-decide-que-homofobia-e-crime-equivalente-ao-de-racismo","status":"publish","type":"post","link":"https:\/\/dgospel.com.br\/portal\/index.php\/2019\/05\/24\/maioria-dos-ministros-do-stf-decide-que-homofobia-e-crime-equivalente-ao-de-racismo\/","title":{"rendered":"Maioria dos ministros do STF decide que homofobia \u00e9 crime equivalente ao de racismo"},"content":{"rendered":"\n<p>A maioria dos ministros do Supremo Tribunal Federal (STF) decidiram, nesta quinta-feira (23), a favor da criminaliza\u00e7\u00e3o da homofobia, equivalente ao crime de racismo. Apesar de apenas seis dos onze ministros terem votado, o julgamento foi suspenso e ser\u00e1 retomado no dia 5 de junho.<\/p>\n\n\n\n<p>J\u00e1 votaram a favor da criminaliza\u00e7\u00e3o da homofobia os ministros Celso de Mello, Luis Edson Fachin, Lu\u00eds Roberto Barroso, Alexandre de Moraes, Rosa Weber e Luiz Fux.<\/p>\n\n\n\n<p>Na abertura da sess\u00e3o, por maioria de votos, a Corte decidiu dar continuidade no julgamento, mesmo diante da delibera\u00e7\u00e3o da Comiss\u00e3o de Constitui\u00e7\u00e3o e Justi\u00e7a (CCJ) do Senado Federal, que aprovou nesta semana um projeto que tipifica condutas preconceituosas contra pessoas LGBTI.<\/p>\n\n\n\n<p>Em seu voto no julgamento desta quinta (23), Fux chegou a afirmar que &#8220;depois do Holocausto, jamais se imaginou que um ser humano poderia ser alvo dessa discrimina\u00e7\u00e3o e viol\u00eancia&#8221;.<\/p>\n\n\n\n<p>A Ananda Puchta, advogada do Grupo Dignidade, organiza\u00e7\u00e3o que luta pela cidadania de gays, l\u00e9sbicas, bissexuais e trans, comemorou a decis\u00e3o e lembrou que, a partir de agora, os agressores ser\u00e3o punidos na forma do crime de racismo, e a pena varia de um e cinco anos de pris\u00e3o.<\/p>\n\n\n\n<p>\u201cO posicionamento das entidades que defenderam a discrimina\u00e7\u00e3o da LGBTIfobia \u00e9 no sentido de equiparar a comunidade LGBT a um conceito de ra\u00e7a social, pelas pessoas LGBTs sofrerem discrimina\u00e7\u00e3o e viol\u00eancia por conta da sua orienta\u00e7\u00e3o sexual e da sua identidade de g\u00eanero. Agora, conseguimos essa puni\u00e7\u00e3o.\u201d<\/p>\n\n\n\n<p>Por enquanto, o STF est\u00e1 declarando a omiss\u00e3o do Congresso Nacional para aprovar a mat\u00e9ria e determinando que o crime de racismo seja enquadrado nos casos de agress\u00f5es contra l\u00e9sbicas, gays, bissexuais, transexuais e travestis, at\u00e9 que a norma seja aprovada pelo Parlamento.<\/p>\n","protected":false},"excerpt":{"rendered":"<p>A maioria dos ministros do Supremo Tribunal Federal (STF) decidiram, nesta quinta-feira (23), a favor da criminaliza\u00e7\u00e3o da homofobia, equivalente ao crime de racismo. Apesar de apenas seis dos onze ministros terem votado, o julgamento foi suspenso e ser\u00e1 retomado no dia 5 de junho. J\u00e1 votaram a favor da criminaliza\u00e7\u00e3o da homofobia os ministros [&hellip;]<\/p>\n","protected":false},"author":2,"featured_media":3232,"comment_status":"open","ping_status":"open","sticky":false,"template":"","format":"standard","meta":[],"categories":[6],"tags":[],"_links":{"self":[{"href":"https:\/\/dgospel.com.br\/portal\/index.php\/wp-json\/wp\/v2\/posts\/3231"}],"collection":[{"href":"https:\/\/dgospel.com.br\/portal\/index.php\/wp-json\/wp\/v2\/posts"}],"about":[{"href":"https:\/\/dgospel.com.br\/portal\/index.php\/wp-json\/wp\/v2\/types\/post"}],"author":[{"embeddable":true,"href":"https:\/\/dgospel.com.br\/portal\/index.php\/wp-json\/wp\/v2\/users\/2"}],"replies":[{"embeddable":true,"href":"https:\/\/dgospel.com.br\/portal\/index.php\/wp-json\/wp\/v2\/comments?post=3231"}],"version-history":[{"count":1,"href":"https:\/\/dgospel.com.br\/portal\/index.php\/wp-json\/wp\/v2\/posts\/3231\/revisions"}],"predecessor-version":[{"id":3233,"href":"https:\/\/dgospel.com.br\/portal\/index.php\/wp-json\/wp\/v2\/posts\/3231\/revisions\/3233"}],"wp:featuredmedia":[{"embeddable":true,"href":"https:\/\/dgospel.com.br\/portal\/index.php\/wp-json\/wp\/v2\/media\/3232"}],"wp:attachment":[{"href":"https:\/\/dgospel.com.br\/portal\/index.php\/wp-json\/wp\/v2\/media?parent=3231"}],"wp:term":[{"taxonomy":"category","embeddable":true,"href":"https:\/\/dgospel.com.br\/portal\/index.php\/wp-json\/wp\/v2\/categories?post=3231"},{"taxonomy":"post_tag","embeddable":true,"href":"https:\/\/dgospel.com.br\/portal\/index.php\/wp-json\/wp\/v2\/tags?post=3231"}],"curies":[{"name":"wp","href":"https:\/\/api.w.org\/{rel}","templated":true}]}}